{"id":160,"date":"2016-03-09T14:59:25","date_gmt":"2016-03-09T13:59:25","guid":{"rendered":"http:\/\/blogs.editionscle.com\/blogcle\/?p=160"},"modified":"2018-04-10T09:46:10","modified_gmt":"2018-04-10T08:46:10","slug":"booktrailer-du-livre-la-priere-de-timothy-keller","status":"publish","type":"post","link":"https:\/\/blogs.editionscle.com\/blogcle\/booktrailer-du-livre-la-priere-de-timothy-keller\/","title":{"rendered":"Booktrailer du livre \u00abLa Pri\u00e8re\u00bb de Timothy KELLER"},"content":{"rendered":"<p><strong>La pri\u00e8re est une amiti\u00e9 qui rassasie. Elle met notre c\u0153ur au diapason de celui de Dieu. Elle est la cl\u00e9 de notre \u00eatre et de notre\u00a0action. Nous devons apprendre \u00e0 prier. C\u2019est\u00a0une n\u00e9cessit\u00e9.<\/strong><\/p>\n<p><iframe loading=\"lazy\" src=\"https:\/\/www.youtube.com\/embed\/kUetUDLLzb8\" width=\"420\" height=\"240\" frameborder=\"0\" allowfullscreen=\"allowfullscreen\"><\/iframe><\/p>\n<h3>Aller plus loin avec \u00ab\u00a0La Pri\u00e8re de Timothy Keller\u00a0\u00bb :<\/h3>\n<p><img loading=\"lazy\" decoding=\"async\" class=\"alignleft wp-image-845 \" title=\"La pri\u00e8re - Timothy Keller\" src=\"http:\/\/blogs.editionscle.com\/blogcle\/wp-content\/uploads\/sites\/2\/2016\/03\/la-priere-e1523349120527.png\" alt=\"le-pri\u00e8re-keller\" width=\"153\" height=\"153\" \/>La pri\u00e8re est un \u00e9merveillement, une intimit\u00e9 et une lutte ; mais\u00a0aussi une approche de la r\u00e9alit\u00e9. Rien n\u2019est plus important, difficile,\u00a0riche ou facteur de transformation de vie.<\/p>\n<p>Timothy Keller analyse de fa\u00e7on pr\u00e9cise et nuanc\u00e9e les pratiques\u00a0pass\u00e9es ou contemporaines des diff\u00e9rentes religions. Il nous\u00a0apprend le bonheur de prier et de m\u00e9diter les \u00c9critures comme le faisaient Augustin, Luther et Calvin. Il s\u2019int\u00e9resse particuli\u00e8rement\u00a0au Notre P\u00e8re et aux Psaumes.<\/p>\n<p>Keller pr\u00e9sente la pri\u00e8re sous son angle th\u00e9ologique,\u00a0m\u00e9thodologique et aussi pratique. Un livre unique qui ne\u00a0pr\u00e9tend pas livrer la cl\u00e9 ou le secret de la pri\u00e8re. Il offre de\u00a0v\u00e9ritables outils pratiques et bibliques pour renouveler\u00a0sa mani\u00e8re de prier afin d\u2019exp\u00e9rimenter un \u00e9merveillement\u00a0croissant dans l\u2019intimit\u00e9 avec Dieu.<\/p>\n<p><a href=\"https:\/\/editionscle.com\/vie-chretienne\/237-la-priere-9782358430425.html\" target=\"_blank\" rel=\"noopener\">Retrouvez le livre \u00ab\u00a0La Pri\u00e8re\u00a0\u00bb de Timothy Keller sur le site des Editions Cl\u00e9<\/a><\/p>\n<p>&nbsp;<\/p>\n","protected":false},"excerpt":{"rendered":"<p>La pri\u00e8re est une amiti\u00e9 qui rassasie. Elle met notre c\u0153ur au diapason de celui de Dieu. Elle est la cl\u00e9 de notre \u00eatre et de notre\u00a0action. Nous devons apprendre \u00e0 prier. C\u2019est\u00a0une n\u00e9cessit\u00e9. Aller plus loin avec \u00ab\u00a0La Pri\u00e8re de Timothy Keller\u00a0\u00bb : La pri\u00e8re est un \u00e9merveillement, une intimit\u00e9 et une lutte ; [&hellip;]<\/p>\n","protected":false},"author":1,"featured_media":0,"comment_status":"closed","ping_status":"open","sticky":false,"template":"","format":"standard","meta":{"footnotes":""},"categories":[74,5],"tags":[11,12],"class_list":["post-160","post","type-post","status-publish","format-standard","hentry","category-booktrailers","category-videos","tag-keller","tag-la-priere"],"yoast_head":"<!-- This site is optimized with the Yoast SEO plugin v27.4 - https:\/\/yoast.com\/product\/yoast-seo-wordpress\/ -->\n<title>La pri\u00e8re - s&#039;\u00e9merveiller dans l&#039;intimit\u00e9 de Dieu - vid\u00e9o Keller<\/title>\n<meta name=\"description\" content=\"La pri\u00e8re est une amiti\u00e9 qui rassasie. Elle met notre c\u0153ur au diapason de celui de Dieu. Elle est la cl\u00e9 de notre \u00eatre et de notre action. Nous devons apprendre \u00e0 prier. C\u2019est une n\u00e9cessit\u00e9.\" \/>\n<meta name=\"robots\" content=\"index, follow, max-snippet:-1, max-image-preview:large, max-video-preview:-1\" \/>\n<link rel=\"canonical\" href=\"https:\/\/blogs.editionscle.com\/blogcle\/booktrailer-du-livre-la-priere-de-timothy-keller\/\" \/>\n<meta property=\"og:locale\" content=\"fr_FR\" \/>\n<meta property=\"og:type\" content=\"article\" \/>\n<meta property=\"og:title\" content=\"La pri\u00e8re - s&#039;\u00e9merveiller dans l&#039;intimit\u00e9 de Dieu - vid\u00e9o Keller\" \/>\n<meta property=\"og:description\" content=\"La pri\u00e8re est une amiti\u00e9 qui rassasie. Elle met notre c\u0153ur au diapason de celui de Dieu. Elle est la cl\u00e9 de notre \u00eatre et de notre action. Nous devons apprendre \u00e0 prier. C\u2019est une n\u00e9cessit\u00e9.\" \/>\n<meta property=\"og:url\" content=\"https:\/\/blogs.editionscle.com\/blogcle\/booktrailer-du-livre-la-priere-de-timothy-keller\/\" \/>\n<meta property=\"og:site_name\" content=\"Blog des \u00c9ditions Cl\u00e9\" \/>\n<meta property=\"article:publisher\" content=\"https:\/\/www.facebook.com\/editionscle\" \/>\n<meta property=\"article:published_time\" content=\"2016-03-09T13:59:25+00:00\" \/>\n<meta property=\"article:modified_time\" content=\"2018-04-10T08:46:10+00:00\" \/>\n<meta property=\"og:image\" content=\"http:\/\/blogs.editionscle.com\/blogcle\/wp-content\/uploads\/sites\/2\/2016\/03\/la-priere-e1523349120527.png\" \/>\n<meta name=\"author\" content=\"\u00c9ditions Cl\u00e9\" \/>\n<meta name=\"twitter:card\" content=\"summary_large_image\" \/>\n<meta name=\"twitter:creator\" content=\"@editionscle\" \/>\n<meta name=\"twitter:site\" content=\"@editionscle\" \/>\n<meta name=\"twitter:label1\" content=\"\u00c9crit par\" \/>\n\t<meta name=\"twitter:data1\" content=\"\u00c9ditions Cl\u00e9\" \/>\n\t<meta name=\"twitter:label2\" content=\"Dur\u00e9e de lecture estim\u00e9e\" \/>\n\t<meta name=\"twitter:data2\" content=\"1 minute\" \/>\n<script type=\"application\/ld+json\" class=\"yoast-schema-graph\">{\"@context\":\"https:\\\/\\\/schema.org\",\"@graph\":[{\"@type\":\"Article\",\"@id\":\"https:\\\/\\\/blogs.editionscle.com\\\/blogcle\\\/booktrailer-du-livre-la-priere-de-timothy-keller\\\/#article\",\"isPartOf\":{\"@id\":\"https:\\\/\\\/blogs.editionscle.com\\\/blogcle\\\/booktrailer-du-livre-la-priere-de-timothy-keller\\\/\"},\"author\":{\"name\":\"\u00c9ditions Cl\u00e9\",\"@id\":\"https:\\\/\\\/blogs.editionscle.com\\\/blogcle\\\/#\\\/schema\\\/person\\\/6f614e2cdd8aac468261bff8219ca7a0\"},\"headline\":\"Booktrailer du livre \u00abLa Pri\u00e8re\u00bb de Timothy KELLER\",\"datePublished\":\"2016-03-09T13:59:25+00:00\",\"dateModified\":\"2018-04-10T08:46:10+00:00\",\"mainEntityOfPage\":{\"@id\":\"https:\\\/\\\/blogs.editionscle.com\\\/blogcle\\\/booktrailer-du-livre-la-priere-de-timothy-keller\\\/\"},\"wordCount\":222,\"publisher\":{\"@id\":\"https:\\\/\\\/blogs.editionscle.com\\\/blogcle\\\/#organization\"},\"image\":{\"@id\":\"https:\\\/\\\/blogs.editionscle.com\\\/blogcle\\\/booktrailer-du-livre-la-priere-de-timothy-keller\\\/#primaryimage\"},\"thumbnailUrl\":\"http:\\\/\\\/blogs.editionscle.com\\\/blogcle\\\/wp-content\\\/uploads\\\/sites\\\/2\\\/2016\\\/03\\\/la-priere-e1523349120527.png\",\"keywords\":[\"Keller\",\"la pri\u00e8re\"],\"articleSection\":[\"Booktrailers\",\"Vid\u00e9os\"],\"inLanguage\":\"fr-FR\"},{\"@type\":\"WebPage\",\"@id\":\"https:\\\/\\\/blogs.editionscle.com\\\/blogcle\\\/booktrailer-du-livre-la-priere-de-timothy-keller\\\/\",\"url\":\"https:\\\/\\\/blogs.editionscle.com\\\/blogcle\\\/booktrailer-du-livre-la-priere-de-timothy-keller\\\/\",\"name\":\"La pri\u00e8re - s'\u00e9merveiller dans l'intimit\u00e9 de Dieu - vid\u00e9o Keller\",\"isPartOf\":{\"@id\":\"https:\\\/\\\/blogs.editionscle.com\\\/blogcle\\\/#website\"},\"primaryImageOfPage\":{\"@id\":\"https:\\\/\\\/blogs.editionscle.com\\\/blogcle\\\/booktrailer-du-livre-la-priere-de-timothy-keller\\\/#primaryimage\"},\"image\":{\"@id\":\"https:\\\/\\\/blogs.editionscle.com\\\/blogcle\\\/booktrailer-du-livre-la-priere-de-timothy-keller\\\/#primaryimage\"},\"thumbnailUrl\":\"http:\\\/\\\/blogs.editionscle.com\\\/blogcle\\\/wp-content\\\/uploads\\\/sites\\\/2\\\/2016\\\/03\\\/la-priere-e1523349120527.png\",\"datePublished\":\"2016-03-09T13:59:25+00:00\",\"dateModified\":\"2018-04-10T08:46:10+00:00\",\"description\":\"La pri\u00e8re est une amiti\u00e9 qui rassasie. Elle met notre c\u0153ur au diapason de celui de Dieu. Elle est la cl\u00e9 de notre \u00eatre et de notre action. Nous devons apprendre \u00e0 prier. C\u2019est une n\u00e9cessit\u00e9.\",\"breadcrumb\":{\"@id\":\"https:\\\/\\\/blogs.editionscle.com\\\/blogcle\\\/booktrailer-du-livre-la-priere-de-timothy-keller\\\/#breadcrumb\"},\"inLanguage\":\"fr-FR\",\"potentialAction\":[{\"@type\":\"ReadAction\",\"target\":[\"https:\\\/\\\/blogs.editionscle.com\\\/blogcle\\\/booktrailer-du-livre-la-priere-de-timothy-keller\\\/\"]}]},{\"@type\":\"ImageObject\",\"inLanguage\":\"fr-FR\",\"@id\":\"https:\\\/\\\/blogs.editionscle.com\\\/blogcle\\\/booktrailer-du-livre-la-priere-de-timothy-keller\\\/#primaryimage\",\"url\":\"https:\\\/\\\/blogs.editionscle.com\\\/blogcle\\\/wp-content\\\/uploads\\\/sites\\\/2\\\/2016\\\/03\\\/la-priere-e1523349120527.png\",\"contentUrl\":\"https:\\\/\\\/blogs.editionscle.com\\\/blogcle\\\/wp-content\\\/uploads\\\/sites\\\/2\\\/2016\\\/03\\\/la-priere-e1523349120527.png\",\"width\":300,\"height\":300,\"caption\":\"le-pri\u00e8re-keller\"},{\"@type\":\"BreadcrumbList\",\"@id\":\"https:\\\/\\\/blogs.editionscle.com\\\/blogcle\\\/booktrailer-du-livre-la-priere-de-timothy-keller\\\/#breadcrumb\",\"itemListElement\":[{\"@type\":\"ListItem\",\"position\":1,\"name\":\"Accueil\",\"item\":\"https:\\\/\\\/blogs.editionscle.com\\\/blogcle\\\/\"},{\"@type\":\"ListItem\",\"position\":2,\"name\":\"Booktrailer du livre \u00abLa Pri\u00e8re\u00bb de Timothy KELLER\"}]},{\"@type\":\"WebSite\",\"@id\":\"https:\\\/\\\/blogs.editionscle.com\\\/blogcle\\\/#website\",\"url\":\"https:\\\/\\\/blogs.editionscle.com\\\/blogcle\\\/\",\"name\":\"Blog des \u00c9ditions Cl\u00e9\",\"description\":\"Livres et logiciels pour comprendre la Bible\",\"publisher\":{\"@id\":\"https:\\\/\\\/blogs.editionscle.com\\\/blogcle\\\/#organization\"},\"potentialAction\":[{\"@type\":\"SearchAction\",\"target\":{\"@type\":\"EntryPoint\",\"urlTemplate\":\"https:\\\/\\\/blogs.editionscle.com\\\/blogcle\\\/?s={search_term_string}\"},\"query-input\":{\"@type\":\"PropertyValueSpecification\",\"valueRequired\":true,\"valueName\":\"search_term_string\"}}],\"inLanguage\":\"fr-FR\"},{\"@type\":\"Organization\",\"@id\":\"https:\\\/\\\/blogs.editionscle.com\\\/blogcle\\\/#organization\",\"name\":\"Editions Cl\u00e9\",\"url\":\"https:\\\/\\\/blogs.editionscle.com\\\/blogcle\\\/\",\"logo\":{\"@type\":\"ImageObject\",\"inLanguage\":\"fr-FR\",\"@id\":\"https:\\\/\\\/blogs.editionscle.com\\\/blogcle\\\/#\\\/schema\\\/logo\\\/image\\\/\",\"url\":\"https:\\\/\\\/blogs.editionscle.com\\\/blogcle\\\/wp-content\\\/uploads\\\/sites\\\/2\\\/2018\\\/03\\\/Profil_facebookcle.png\",\"contentUrl\":\"https:\\\/\\\/blogs.editionscle.com\\\/blogcle\\\/wp-content\\\/uploads\\\/sites\\\/2\\\/2018\\\/03\\\/Profil_facebookcle.png\",\"width\":375,\"height\":375,\"caption\":\"Editions Cl\u00e9\"},\"image\":{\"@id\":\"https:\\\/\\\/blogs.editionscle.com\\\/blogcle\\\/#\\\/schema\\\/logo\\\/image\\\/\"},\"sameAs\":[\"https:\\\/\\\/www.facebook.com\\\/editionscle\",\"https:\\\/\\\/x.com\\\/editionscle\",\"https:\\\/\\\/www.youtube.com\\\/user\\\/EditionsCle\"]},{\"@type\":\"Person\",\"@id\":\"https:\\\/\\\/blogs.editionscle.com\\\/blogcle\\\/#\\\/schema\\\/person\\\/6f614e2cdd8aac468261bff8219ca7a0\",\"name\":\"\u00c9ditions Cl\u00e9\",\"description\":\"\u00c9ditions Cl\u00e9\",\"sameAs\":[\"https:\\\/\\\/editionscle.com\"]}]}<\/script>\n<!-- \/ Yoast SEO plugin. -->","yoast_head_json":{"title":"La pri\u00e8re - s'\u00e9merveiller dans l'intimit\u00e9 de Dieu - vid\u00e9o Keller","description":"La pri\u00e8re est une amiti\u00e9 qui rassasie. Elle met notre c\u0153ur au diapason de celui de Dieu. Elle est la cl\u00e9 de notre \u00eatre et de notre action. Nous devons apprendre \u00e0 prier. C\u2019est une n\u00e9cessit\u00e9.","robots":{"index":"index","follow":"follow","max-snippet":"max-snippet:-1","max-image-preview":"max-image-preview:large","max-video-preview":"max-video-preview:-1"},"canonical":"https:\/\/blogs.editionscle.com\/blogcle\/booktrailer-du-livre-la-priere-de-timothy-keller\/","og_locale":"fr_FR","og_type":"article","og_title":"La pri\u00e8re - s'\u00e9merveiller dans l'intimit\u00e9 de Dieu - vid\u00e9o Keller","og_description":"La pri\u00e8re est une amiti\u00e9 qui rassasie. Elle met notre c\u0153ur au diapason de celui de Dieu. Elle est la cl\u00e9 de notre \u00eatre et de notre action. Nous devons apprendre \u00e0 prier. C\u2019est une n\u00e9cessit\u00e9.","og_url":"https:\/\/blogs.editionscle.com\/blogcle\/booktrailer-du-livre-la-priere-de-timothy-keller\/","og_site_name":"Blog des \u00c9ditions Cl\u00e9","article_publisher":"https:\/\/www.facebook.com\/editionscle","article_published_time":"2016-03-09T13:59:25+00:00","article_modified_time":"2018-04-10T08:46:10+00:00","og_image":[{"url":"http:\/\/blogs.editionscle.com\/blogcle\/wp-content\/uploads\/sites\/2\/2016\/03\/la-priere-e1523349120527.png","type":"","width":"","height":""}],"author":"\u00c9ditions Cl\u00e9","twitter_card":"summary_large_image","twitter_creator":"@editionscle","twitter_site":"@editionscle","twitter_misc":{"\u00c9crit par":"\u00c9ditions Cl\u00e9","Dur\u00e9e de lecture estim\u00e9e":"1 minute"},"schema":{"@context":"https:\/\/schema.org","@graph":[{"@type":"Article","@id":"https:\/\/blogs.editionscle.com\/blogcle\/booktrailer-du-livre-la-priere-de-timothy-keller\/#article","isPartOf":{"@id":"https:\/\/blogs.editionscle.com\/blogcle\/booktrailer-du-livre-la-priere-de-timothy-keller\/"},"author":{"name":"\u00c9ditions Cl\u00e9","@id":"https:\/\/blogs.editionscle.com\/blogcle\/#\/schema\/person\/6f614e2cdd8aac468261bff8219ca7a0"},"headline":"Booktrailer du livre \u00abLa Pri\u00e8re\u00bb de Timothy KELLER","datePublished":"2016-03-09T13:59:25+00:00","dateModified":"2018-04-10T08:46:10+00:00","mainEntityOfPage":{"@id":"https:\/\/blogs.editionscle.com\/blogcle\/booktrailer-du-livre-la-priere-de-timothy-keller\/"},"wordCount":222,"publisher":{"@id":"https:\/\/blogs.editionscle.com\/blogcle\/#organization"},"image":{"@id":"https:\/\/blogs.editionscle.com\/blogcle\/booktrailer-du-livre-la-priere-de-timothy-keller\/#primaryimage"},"thumbnailUrl":"http:\/\/blogs.editionscle.com\/blogcle\/wp-content\/uploads\/sites\/2\/2016\/03\/la-priere-e1523349120527.png","keywords":["Keller","la pri\u00e8re"],"articleSection":["Booktrailers","Vid\u00e9os"],"inLanguage":"fr-FR"},{"@type":"WebPage","@id":"https:\/\/blogs.editionscle.com\/blogcle\/booktrailer-du-livre-la-priere-de-timothy-keller\/","url":"https:\/\/blogs.editionscle.com\/blogcle\/booktrailer-du-livre-la-priere-de-timothy-keller\/","name":"La pri\u00e8re - s'\u00e9merveiller dans l'intimit\u00e9 de Dieu - vid\u00e9o Keller","isPartOf":{"@id":"https:\/\/blogs.editionscle.com\/blogcle\/#website"},"primaryImageOfPage":{"@id":"https:\/\/blogs.editionscle.com\/blogcle\/booktrailer-du-livre-la-priere-de-timothy-keller\/#primaryimage"},"image":{"@id":"https:\/\/blogs.editionscle.com\/blogcle\/booktrailer-du-livre-la-priere-de-timothy-keller\/#primaryimage"},"thumbnailUrl":"http:\/\/blogs.editionscle.com\/blogcle\/wp-content\/uploads\/sites\/2\/2016\/03\/la-priere-e1523349120527.png","datePublished":"2016-03-09T13:59:25+00:00","dateModified":"2018-04-10T08:46:10+00:00","description":"La pri\u00e8re est une amiti\u00e9 qui rassasie. Elle met notre c\u0153ur au diapason de celui de Dieu. Elle est la cl\u00e9 de notre \u00eatre et de notre action. Nous devons apprendre \u00e0 prier. C\u2019est une n\u00e9cessit\u00e9.","breadcrumb":{"@id":"https:\/\/blogs.editionscle.com\/blogcle\/booktrailer-du-livre-la-priere-de-timothy-keller\/#breadcrumb"},"inLanguage":"fr-FR","potentialAction":[{"@type":"ReadAction","target":["https:\/\/blogs.editionscle.com\/blogcle\/booktrailer-du-livre-la-priere-de-timothy-keller\/"]}]},{"@type":"ImageObject","inLanguage":"fr-FR","@id":"https:\/\/blogs.editionscle.com\/blogcle\/booktrailer-du-livre-la-priere-de-timothy-keller\/#primaryimage","url":"https:\/\/blogs.editionscle.com\/blogcle\/wp-content\/uploads\/sites\/2\/2016\/03\/la-priere-e1523349120527.png","contentUrl":"https:\/\/blogs.editionscle.com\/blogcle\/wp-content\/uploads\/sites\/2\/2016\/03\/la-priere-e1523349120527.png","width":300,"height":300,"caption":"le-pri\u00e8re-keller"},{"@type":"BreadcrumbList","@id":"https:\/\/blogs.editionscle.com\/blogcle\/booktrailer-du-livre-la-priere-de-timothy-keller\/#breadcrumb","itemListElement":[{"@type":"ListItem","position":1,"name":"Accueil","item":"https:\/\/blogs.editionscle.com\/blogcle\/"},{"@type":"ListItem","position":2,"name":"Booktrailer du livre \u00abLa Pri\u00e8re\u00bb de Timothy KELLER"}]},{"@type":"WebSite","@id":"https:\/\/blogs.editionscle.com\/blogcle\/#website","url":"https:\/\/blogs.editionscle.com\/blogcle\/","name":"Blog des \u00c9ditions Cl\u00e9","description":"Livres et logiciels pour comprendre la Bible","publisher":{"@id":"https:\/\/blogs.editionscle.com\/blogcle\/#organization"},"potentialAction":[{"@type":"SearchAction","target":{"@type":"EntryPoint","urlTemplate":"https:\/\/blogs.editionscle.com\/blogcle\/?s={search_term_string}"},"query-input":{"@type":"PropertyValueSpecification","valueRequired":true,"valueName":"search_term_string"}}],"inLanguage":"fr-FR"},{"@type":"Organization","@id":"https:\/\/blogs.editionscle.com\/blogcle\/#organization","name":"Editions Cl\u00e9","url":"https:\/\/blogs.editionscle.com\/blogcle\/","logo":{"@type":"ImageObject","inLanguage":"fr-FR","@id":"https:\/\/blogs.editionscle.com\/blogcle\/#\/schema\/logo\/image\/","url":"https:\/\/blogs.editionscle.com\/blogcle\/wp-content\/uploads\/sites\/2\/2018\/03\/Profil_facebookcle.png","contentUrl":"https:\/\/blogs.editionscle.com\/blogcle\/wp-content\/uploads\/sites\/2\/2018\/03\/Profil_facebookcle.png","width":375,"height":375,"caption":"Editions Cl\u00e9"},"image":{"@id":"https:\/\/blogs.editionscle.com\/blogcle\/#\/schema\/logo\/image\/"},"sameAs":["https:\/\/www.facebook.com\/editionscle","https:\/\/x.com\/editionscle","https:\/\/www.youtube.com\/user\/EditionsCle"]},{"@type":"Person","@id":"https:\/\/blogs.editionscle.com\/blogcle\/#\/schema\/person\/6f614e2cdd8aac468261bff8219ca7a0","name":"\u00c9ditions Cl\u00e9","description":"\u00c9ditions Cl\u00e9","sameAs":["https:\/\/editionscle.com"]}]}},"_links":{"self":[{"href":"https:\/\/blogs.editionscle.com\/blogcle\/wp-json\/wp\/v2\/posts\/160","targetHints":{"allow":["GET"]}}],"collection":[{"href":"https:\/\/blogs.editionscle.com\/blogcle\/wp-json\/wp\/v2\/posts"}],"about":[{"href":"https:\/\/blogs.editionscle.com\/blogcle\/wp-json\/wp\/v2\/types\/post"}],"author":[{"embeddable":true,"href":"https:\/\/blogs.editionscle.com\/blogcle\/wp-json\/wp\/v2\/users\/1"}],"replies":[{"embeddable":true,"href":"https:\/\/blogs.editionscle.com\/blogcle\/wp-json\/wp\/v2\/comments?post=160"}],"version-history":[{"count":10,"href":"https:\/\/blogs.editionscle.com\/blogcle\/wp-json\/wp\/v2\/posts\/160\/revisions"}],"predecessor-version":[{"id":846,"href":"https:\/\/blogs.editionscle.com\/blogcle\/wp-json\/wp\/v2\/posts\/160\/revisions\/846"}],"wp:attachment":[{"href":"https:\/\/blogs.editionscle.com\/blogcle\/wp-json\/wp\/v2\/media?parent=160"}],"wp:term":[{"taxonomy":"category","embeddable":true,"href":"https:\/\/blogs.editionscle.com\/blogcle\/wp-json\/wp\/v2\/categories?post=160"},{"taxonomy":"post_tag","embeddable":true,"href":"https:\/\/blogs.editionscle.com\/blogcle\/wp-json\/wp\/v2\/tags?post=160"}],"curies":[{"name":"wp","href":"https:\/\/api.w.org\/{rel}","templated":true}]}}