{"id":2824,"date":"2022-11-16T17:20:00","date_gmt":"2022-11-16T16:20:00","guid":{"rendered":"https:\/\/blogs.editionscle.com\/blogcle\/?p=2824"},"modified":"2023-01-23T14:49:27","modified_gmt":"2023-01-23T13:49:27","slug":"entretien-avec-philippe-perrilliat-sur-son-livre-genese-1-a-11","status":"publish","type":"post","link":"https:\/\/blogs.editionscle.com\/blogcle\/entretien-avec-philippe-perrilliat-sur-son-livre-genese-1-a-11\/","title":{"rendered":"Entretien avec Philippe Perrilliat sur son livre Gen\u00e8se 1 \u00e0 11 publi\u00e9 aux \u00c9ditions Cl\u00e9"},"content":{"rendered":"\n<figure class=\"wp-block-embed is-type-video is-provider-youtube wp-block-embed-youtube wp-embed-aspect-16-9 wp-has-aspect-ratio\"><div class=\"wp-block-embed__wrapper\">\n<iframe loading=\"lazy\" title=\"Entretien avec Philippe Perrilliat \u00e0 propos de son livre Gen\u00e8se 1 \u00e0 11 aux \u00c9ditions Cl\u00e9 (avec IBG)\" width=\"640\" height=\"360\" src=\"https:\/\/www.youtube.com\/embed\/UxkZz-GkNJU?feature=oembed\" frameborder=\"0\" allow=\"accelerometer; autoplay; clipboard-write; encrypted-media; gyroscope; picture-in-picture; web-share\" referrerpolicy=\"strict-origin-when-cross-origin\" allowfullscreen><\/iframe>\n<\/div><\/figure>\n\n\n\n<div class=\"wp-block-media-text alignwide has-media-on-the-right is-stacked-on-mobile\" style=\"grid-template-columns:auto 32%\"><div class=\"wp-block-media-text__content\">\n<p>D\u00e9couvrez le livre sur <a href=\"https:\/\/editionscle.com\/Commentaires\/339-gen%C3%A8se-1-%C3%A0-11-9782358431569.html\">notre site <\/a>ou chez votre libraire.<\/p>\n<\/div><figure class=\"wp-block-media-text__media\"><img loading=\"lazy\" decoding=\"async\" width=\"756\" height=\"1024\" src=\"https:\/\/blogs.editionscle.com\/blogcle\/wp-content\/uploads\/sites\/2\/2022\/12\/0156.ip_-756x1024.jpg\" alt=\"\" class=\"wp-image-2826 size-full\" srcset=\"https:\/\/blogs.editionscle.com\/blogcle\/wp-content\/uploads\/sites\/2\/2022\/12\/0156.ip_-756x1024.jpg 756w, https:\/\/blogs.editionscle.com\/blogcle\/wp-content\/uploads\/sites\/2\/2022\/12\/0156.ip_-221x300.jpg 221w, https:\/\/blogs.editionscle.com\/blogcle\/wp-content\/uploads\/sites\/2\/2022\/12\/0156.ip_-768x1041.jpg 768w, https:\/\/blogs.editionscle.com\/blogcle\/wp-content\/uploads\/sites\/2\/2022\/12\/0156.ip_-81x110.jpg 81w, https:\/\/blogs.editionscle.com\/blogcle\/wp-content\/uploads\/sites\/2\/2022\/12\/0156.ip_-310x420.jpg 310w, https:\/\/blogs.editionscle.com\/blogcle\/wp-content\/uploads\/sites\/2\/2022\/12\/0156.ip_-317x430.jpg 317w, https:\/\/blogs.editionscle.com\/blogcle\/wp-content\/uploads\/sites\/2\/2022\/12\/0156.ip_.jpg 915w\" sizes=\"auto, (max-width: 756px) 100vw, 756px\" \/><\/figure><\/div>\n","protected":false},"excerpt":{"rendered":"<p>D\u00e9couvrez le livre sur notre site ou chez votre libraire.<\/p>\n","protected":false},"author":1,"featured_media":2829,"comment_status":"open","ping_status":"open","sticky":false,"template":"","format":"standard","meta":{"footnotes":""},"categories":[9,75,5],"tags":[164,165],"class_list":["post-2824","post","type-post","status-publish","format-standard","has-post-thumbnail","hentry","category-auteurs","category-entretiens","category-videos","tag-genese","tag-perrilliat"],"yoast_head":"<!-- This site is optimized with the Yoast SEO plugin v27.4 - https:\/\/yoast.com\/product\/yoast-seo-wordpress\/ -->\n<title>Entretien avec Philippe Perrilliat sur son livre Gen\u00e8se 1 \u00e0 11 publi\u00e9 aux \u00c9ditions Cl\u00e9 - Blog des \u00c9ditions Cl\u00e9<\/title>\n<meta name=\"robots\" content=\"index, follow, max-snippet:-1, max-image-preview:large, max-video-preview:-1\" \/>\n<link rel=\"canonical\" href=\"https:\/\/blogs.editionscle.com\/blogcle\/entretien-avec-philippe-perrilliat-sur-son-livre-genese-1-a-11\/\" \/>\n<meta property=\"og:locale\" content=\"fr_FR\" \/>\n<meta property=\"og:type\" content=\"article\" \/>\n<meta property=\"og:title\" content=\"Entretien avec Philippe Perrilliat sur son livre Gen\u00e8se 1 \u00e0 11 publi\u00e9 aux \u00c9ditions Cl\u00e9 - Blog des \u00c9ditions Cl\u00e9\" \/>\n<meta property=\"og:description\" content=\"D\u00e9couvrez le livre sur notre site ou chez votre libraire.\" \/>\n<meta property=\"og:url\" content=\"https:\/\/blogs.editionscle.com\/blogcle\/entretien-avec-philippe-perrilliat-sur-son-livre-genese-1-a-11\/\" \/>\n<meta property=\"og:site_name\" content=\"Blog des \u00c9ditions Cl\u00e9\" \/>\n<meta property=\"article:publisher\" content=\"https:\/\/www.facebook.com\/editionscle\" \/>\n<meta property=\"article:published_time\" content=\"2022-11-16T16:20:00+00:00\" \/>\n<meta property=\"article:modified_time\" content=\"2023-01-23T13:49:27+00:00\" \/>\n<meta property=\"og:image\" content=\"https:\/\/blogs.editionscle.com\/blogcle\/wp-content\/uploads\/sites\/2\/2022\/12\/mq3-Copie.jpg\" \/>\n\t<meta property=\"og:image:width\" content=\"402\" \/>\n\t<meta property=\"og:image:height\" content=\"227\" \/>\n\t<meta property=\"og:image:type\" content=\"image\/jpeg\" \/>\n<meta name=\"author\" content=\"\u00c9ditions Cl\u00e9\" \/>\n<meta name=\"twitter:card\" content=\"summary_large_image\" \/>\n<meta name=\"twitter:creator\" content=\"@editionscle\" \/>\n<meta name=\"twitter:site\" content=\"@editionscle\" \/>\n<meta name=\"twitter:label1\" content=\"\u00c9crit par\" \/>\n\t<meta name=\"twitter:data1\" content=\"\u00c9ditions Cl\u00e9\" \/>\n\t<meta name=\"twitter:label2\" content=\"Dur\u00e9e de lecture estim\u00e9e\" \/>\n\t<meta name=\"twitter:data2\" content=\"1 minute\" \/>\n<script type=\"application\/ld+json\" class=\"yoast-schema-graph\">{\"@context\":\"https:\\\/\\\/schema.org\",\"@graph\":[{\"@type\":\"Article\",\"@id\":\"https:\\\/\\\/blogs.editionscle.com\\\/blogcle\\\/entretien-avec-philippe-perrilliat-sur-son-livre-genese-1-a-11\\\/#article\",\"isPartOf\":{\"@id\":\"https:\\\/\\\/blogs.editionscle.com\\\/blogcle\\\/entretien-avec-philippe-perrilliat-sur-son-livre-genese-1-a-11\\\/\"},\"author\":{\"name\":\"\u00c9ditions Cl\u00e9\",\"@id\":\"https:\\\/\\\/blogs.editionscle.com\\\/blogcle\\\/#\\\/schema\\\/person\\\/6f614e2cdd8aac468261bff8219ca7a0\"},\"headline\":\"Entretien avec Philippe Perrilliat sur son livre Gen\u00e8se 1 \u00e0 11 publi\u00e9 aux \u00c9ditions Cl\u00e9\",\"datePublished\":\"2022-11-16T16:20:00+00:00\",\"dateModified\":\"2023-01-23T13:49:27+00:00\",\"mainEntityOfPage\":{\"@id\":\"https:\\\/\\\/blogs.editionscle.com\\\/blogcle\\\/entretien-avec-philippe-perrilliat-sur-son-livre-genese-1-a-11\\\/\"},\"wordCount\":28,\"commentCount\":0,\"publisher\":{\"@id\":\"https:\\\/\\\/blogs.editionscle.com\\\/blogcle\\\/#organization\"},\"image\":{\"@id\":\"https:\\\/\\\/blogs.editionscle.com\\\/blogcle\\\/entretien-avec-philippe-perrilliat-sur-son-livre-genese-1-a-11\\\/#primaryimage\"},\"thumbnailUrl\":\"https:\\\/\\\/blogs.editionscle.com\\\/blogcle\\\/wp-content\\\/uploads\\\/sites\\\/2\\\/2022\\\/12\\\/mq3-Copie.jpg\",\"keywords\":[\"genese\",\"perrilliat\"],\"articleSection\":[\"Auteurs\",\"Entretiens\",\"Vid\u00e9os\"],\"inLanguage\":\"fr-FR\",\"potentialAction\":[{\"@type\":\"CommentAction\",\"name\":\"Comment\",\"target\":[\"https:\\\/\\\/blogs.editionscle.com\\\/blogcle\\\/entretien-avec-philippe-perrilliat-sur-son-livre-genese-1-a-11\\\/#respond\"]}]},{\"@type\":\"WebPage\",\"@id\":\"https:\\\/\\\/blogs.editionscle.com\\\/blogcle\\\/entretien-avec-philippe-perrilliat-sur-son-livre-genese-1-a-11\\\/\",\"url\":\"https:\\\/\\\/blogs.editionscle.com\\\/blogcle\\\/entretien-avec-philippe-perrilliat-sur-son-livre-genese-1-a-11\\\/\",\"name\":\"Entretien avec Philippe Perrilliat sur son livre Gen\u00e8se 1 \u00e0 11 publi\u00e9 aux \u00c9ditions Cl\u00e9 - Blog des \u00c9ditions Cl\u00e9\",\"isPartOf\":{\"@id\":\"https:\\\/\\\/blogs.editionscle.com\\\/blogcle\\\/#website\"},\"primaryImageOfPage\":{\"@id\":\"https:\\\/\\\/blogs.editionscle.com\\\/blogcle\\\/entretien-avec-philippe-perrilliat-sur-son-livre-genese-1-a-11\\\/#primaryimage\"},\"image\":{\"@id\":\"https:\\\/\\\/blogs.editionscle.com\\\/blogcle\\\/entretien-avec-philippe-perrilliat-sur-son-livre-genese-1-a-11\\\/#primaryimage\"},\"thumbnailUrl\":\"https:\\\/\\\/blogs.editionscle.com\\\/blogcle\\\/wp-content\\\/uploads\\\/sites\\\/2\\\/2022\\\/12\\\/mq3-Copie.jpg\",\"datePublished\":\"2022-11-16T16:20:00+00:00\",\"dateModified\":\"2023-01-23T13:49:27+00:00\",\"breadcrumb\":{\"@id\":\"https:\\\/\\\/blogs.editionscle.com\\\/blogcle\\\/entretien-avec-philippe-perrilliat-sur-son-livre-genese-1-a-11\\\/#breadcrumb\"},\"inLanguage\":\"fr-FR\",\"potentialAction\":[{\"@type\":\"ReadAction\",\"target\":[\"https:\\\/\\\/blogs.editionscle.com\\\/blogcle\\\/entretien-avec-philippe-perrilliat-sur-son-livre-genese-1-a-11\\\/\"]}]},{\"@type\":\"ImageObject\",\"inLanguage\":\"fr-FR\",\"@id\":\"https:\\\/\\\/blogs.editionscle.com\\\/blogcle\\\/entretien-avec-philippe-perrilliat-sur-son-livre-genese-1-a-11\\\/#primaryimage\",\"url\":\"https:\\\/\\\/blogs.editionscle.com\\\/blogcle\\\/wp-content\\\/uploads\\\/sites\\\/2\\\/2022\\\/12\\\/mq3-Copie.jpg\",\"contentUrl\":\"https:\\\/\\\/blogs.editionscle.com\\\/blogcle\\\/wp-content\\\/uploads\\\/sites\\\/2\\\/2022\\\/12\\\/mq3-Copie.jpg\",\"width\":402,\"height\":227,\"caption\":\"Philippe Perrilliat auteur de Gen\u00e8se 1 \u00e0 11 aux \u00c9ditions Cl\u00e9\"},{\"@type\":\"BreadcrumbList\",\"@id\":\"https:\\\/\\\/blogs.editionscle.com\\\/blogcle\\\/entretien-avec-philippe-perrilliat-sur-son-livre-genese-1-a-11\\\/#breadcrumb\",\"itemListElement\":[{\"@type\":\"ListItem\",\"position\":1,\"name\":\"Accueil\",\"item\":\"https:\\\/\\\/blogs.editionscle.com\\\/blogcle\\\/\"},{\"@type\":\"ListItem\",\"position\":2,\"name\":\"Entretien avec Philippe Perrilliat sur son livre Gen\u00e8se 1 \u00e0 11 publi\u00e9 aux \u00c9ditions Cl\u00e9\"}]},{\"@type\":\"WebSite\",\"@id\":\"https:\\\/\\\/blogs.editionscle.com\\\/blogcle\\\/#website\",\"url\":\"https:\\\/\\\/blogs.editionscle.com\\\/blogcle\\\/\",\"name\":\"Blog des \u00c9ditions Cl\u00e9\",\"description\":\"Livres et logiciels pour comprendre la Bible\",\"publisher\":{\"@id\":\"https:\\\/\\\/blogs.editionscle.com\\\/blogcle\\\/#organization\"},\"potentialAction\":[{\"@type\":\"SearchAction\",\"target\":{\"@type\":\"EntryPoint\",\"urlTemplate\":\"https:\\\/\\\/blogs.editionscle.com\\\/blogcle\\\/?s={search_term_string}\"},\"query-input\":{\"@type\":\"PropertyValueSpecification\",\"valueRequired\":true,\"valueName\":\"search_term_string\"}}],\"inLanguage\":\"fr-FR\"},{\"@type\":\"Organization\",\"@id\":\"https:\\\/\\\/blogs.editionscle.com\\\/blogcle\\\/#organization\",\"name\":\"Editions Cl\u00e9\",\"url\":\"https:\\\/\\\/blogs.editionscle.com\\\/blogcle\\\/\",\"logo\":{\"@type\":\"ImageObject\",\"inLanguage\":\"fr-FR\",\"@id\":\"https:\\\/\\\/blogs.editionscle.com\\\/blogcle\\\/#\\\/schema\\\/logo\\\/image\\\/\",\"url\":\"https:\\\/\\\/blogs.editionscle.com\\\/blogcle\\\/wp-content\\\/uploads\\\/sites\\\/2\\\/2018\\\/03\\\/Profil_facebookcle.png\",\"contentUrl\":\"https:\\\/\\\/blogs.editionscle.com\\\/blogcle\\\/wp-content\\\/uploads\\\/sites\\\/2\\\/2018\\\/03\\\/Profil_facebookcle.png\",\"width\":375,\"height\":375,\"caption\":\"Editions Cl\u00e9\"},\"image\":{\"@id\":\"https:\\\/\\\/blogs.editionscle.com\\\/blogcle\\\/#\\\/schema\\\/logo\\\/image\\\/\"},\"sameAs\":[\"https:\\\/\\\/www.facebook.com\\\/editionscle\",\"https:\\\/\\\/x.com\\\/editionscle\",\"https:\\\/\\\/www.youtube.com\\\/user\\\/EditionsCle\"]},{\"@type\":\"Person\",\"@id\":\"https:\\\/\\\/blogs.editionscle.com\\\/blogcle\\\/#\\\/schema\\\/person\\\/6f614e2cdd8aac468261bff8219ca7a0\",\"name\":\"\u00c9ditions Cl\u00e9\",\"description\":\"\u00c9ditions Cl\u00e9\",\"sameAs\":[\"https:\\\/\\\/editionscle.com\"]}]}<\/script>\n<!-- \/ Yoast SEO plugin. -->","yoast_head_json":{"title":"Entretien avec Philippe Perrilliat sur son livre Gen\u00e8se 1 \u00e0 11 publi\u00e9 aux \u00c9ditions Cl\u00e9 - Blog des \u00c9ditions Cl\u00e9","robots":{"index":"index","follow":"follow","max-snippet":"max-snippet:-1","max-image-preview":"max-image-preview:large","max-video-preview":"max-video-preview:-1"},"canonical":"https:\/\/blogs.editionscle.com\/blogcle\/entretien-avec-philippe-perrilliat-sur-son-livre-genese-1-a-11\/","og_locale":"fr_FR","og_type":"article","og_title":"Entretien avec Philippe Perrilliat sur son livre Gen\u00e8se 1 \u00e0 11 publi\u00e9 aux \u00c9ditions Cl\u00e9 - Blog des \u00c9ditions Cl\u00e9","og_description":"D\u00e9couvrez le livre sur notre site ou chez votre libraire.","og_url":"https:\/\/blogs.editionscle.com\/blogcle\/entretien-avec-philippe-perrilliat-sur-son-livre-genese-1-a-11\/","og_site_name":"Blog des \u00c9ditions Cl\u00e9","article_publisher":"https:\/\/www.facebook.com\/editionscle","article_published_time":"2022-11-16T16:20:00+00:00","article_modified_time":"2023-01-23T13:49:27+00:00","og_image":[{"width":402,"height":227,"url":"https:\/\/blogs.editionscle.com\/blogcle\/wp-content\/uploads\/sites\/2\/2022\/12\/mq3-Copie.jpg","type":"image\/jpeg"}],"author":"\u00c9ditions Cl\u00e9","twitter_card":"summary_large_image","twitter_creator":"@editionscle","twitter_site":"@editionscle","twitter_misc":{"\u00c9crit par":"\u00c9ditions Cl\u00e9","Dur\u00e9e de lecture estim\u00e9e":"1 minute"},"schema":{"@context":"https:\/\/schema.org","@graph":[{"@type":"Article","@id":"https:\/\/blogs.editionscle.com\/blogcle\/entretien-avec-philippe-perrilliat-sur-son-livre-genese-1-a-11\/#article","isPartOf":{"@id":"https:\/\/blogs.editionscle.com\/blogcle\/entretien-avec-philippe-perrilliat-sur-son-livre-genese-1-a-11\/"},"author":{"name":"\u00c9ditions Cl\u00e9","@id":"https:\/\/blogs.editionscle.com\/blogcle\/#\/schema\/person\/6f614e2cdd8aac468261bff8219ca7a0"},"headline":"Entretien avec Philippe Perrilliat sur son livre Gen\u00e8se 1 \u00e0 11 publi\u00e9 aux \u00c9ditions Cl\u00e9","datePublished":"2022-11-16T16:20:00+00:00","dateModified":"2023-01-23T13:49:27+00:00","mainEntityOfPage":{"@id":"https:\/\/blogs.editionscle.com\/blogcle\/entretien-avec-philippe-perrilliat-sur-son-livre-genese-1-a-11\/"},"wordCount":28,"commentCount":0,"publisher":{"@id":"https:\/\/blogs.editionscle.com\/blogcle\/#organization"},"image":{"@id":"https:\/\/blogs.editionscle.com\/blogcle\/entretien-avec-philippe-perrilliat-sur-son-livre-genese-1-a-11\/#primaryimage"},"thumbnailUrl":"https:\/\/blogs.editionscle.com\/blogcle\/wp-content\/uploads\/sites\/2\/2022\/12\/mq3-Copie.jpg","keywords":["genese","perrilliat"],"articleSection":["Auteurs","Entretiens","Vid\u00e9os"],"inLanguage":"fr-FR","potentialAction":[{"@type":"CommentAction","name":"Comment","target":["https:\/\/blogs.editionscle.com\/blogcle\/entretien-avec-philippe-perrilliat-sur-son-livre-genese-1-a-11\/#respond"]}]},{"@type":"WebPage","@id":"https:\/\/blogs.editionscle.com\/blogcle\/entretien-avec-philippe-perrilliat-sur-son-livre-genese-1-a-11\/","url":"https:\/\/blogs.editionscle.com\/blogcle\/entretien-avec-philippe-perrilliat-sur-son-livre-genese-1-a-11\/","name":"Entretien avec Philippe Perrilliat sur son livre Gen\u00e8se 1 \u00e0 11 publi\u00e9 aux \u00c9ditions Cl\u00e9 - Blog des \u00c9ditions Cl\u00e9","isPartOf":{"@id":"https:\/\/blogs.editionscle.com\/blogcle\/#website"},"primaryImageOfPage":{"@id":"https:\/\/blogs.editionscle.com\/blogcle\/entretien-avec-philippe-perrilliat-sur-son-livre-genese-1-a-11\/#primaryimage"},"image":{"@id":"https:\/\/blogs.editionscle.com\/blogcle\/entretien-avec-philippe-perrilliat-sur-son-livre-genese-1-a-11\/#primaryimage"},"thumbnailUrl":"https:\/\/blogs.editionscle.com\/blogcle\/wp-content\/uploads\/sites\/2\/2022\/12\/mq3-Copie.jpg","datePublished":"2022-11-16T16:20:00+00:00","dateModified":"2023-01-23T13:49:27+00:00","breadcrumb":{"@id":"https:\/\/blogs.editionscle.com\/blogcle\/entretien-avec-philippe-perrilliat-sur-son-livre-genese-1-a-11\/#breadcrumb"},"inLanguage":"fr-FR","potentialAction":[{"@type":"ReadAction","target":["https:\/\/blogs.editionscle.com\/blogcle\/entretien-avec-philippe-perrilliat-sur-son-livre-genese-1-a-11\/"]}]},{"@type":"ImageObject","inLanguage":"fr-FR","@id":"https:\/\/blogs.editionscle.com\/blogcle\/entretien-avec-philippe-perrilliat-sur-son-livre-genese-1-a-11\/#primaryimage","url":"https:\/\/blogs.editionscle.com\/blogcle\/wp-content\/uploads\/sites\/2\/2022\/12\/mq3-Copie.jpg","contentUrl":"https:\/\/blogs.editionscle.com\/blogcle\/wp-content\/uploads\/sites\/2\/2022\/12\/mq3-Copie.jpg","width":402,"height":227,"caption":"Philippe Perrilliat auteur de Gen\u00e8se 1 \u00e0 11 aux \u00c9ditions Cl\u00e9"},{"@type":"BreadcrumbList","@id":"https:\/\/blogs.editionscle.com\/blogcle\/entretien-avec-philippe-perrilliat-sur-son-livre-genese-1-a-11\/#breadcrumb","itemListElement":[{"@type":"ListItem","position":1,"name":"Accueil","item":"https:\/\/blogs.editionscle.com\/blogcle\/"},{"@type":"ListItem","position":2,"name":"Entretien avec Philippe Perrilliat sur son livre Gen\u00e8se 1 \u00e0 11 publi\u00e9 aux \u00c9ditions Cl\u00e9"}]},{"@type":"WebSite","@id":"https:\/\/blogs.editionscle.com\/blogcle\/#website","url":"https:\/\/blogs.editionscle.com\/blogcle\/","name":"Blog des \u00c9ditions Cl\u00e9","description":"Livres et logiciels pour comprendre la Bible","publisher":{"@id":"https:\/\/blogs.editionscle.com\/blogcle\/#organization"},"potentialAction":[{"@type":"SearchAction","target":{"@type":"EntryPoint","urlTemplate":"https:\/\/blogs.editionscle.com\/blogcle\/?s={search_term_string}"},"query-input":{"@type":"PropertyValueSpecification","valueRequired":true,"valueName":"search_term_string"}}],"inLanguage":"fr-FR"},{"@type":"Organization","@id":"https:\/\/blogs.editionscle.com\/blogcle\/#organization","name":"Editions Cl\u00e9","url":"https:\/\/blogs.editionscle.com\/blogcle\/","logo":{"@type":"ImageObject","inLanguage":"fr-FR","@id":"https:\/\/blogs.editionscle.com\/blogcle\/#\/schema\/logo\/image\/","url":"https:\/\/blogs.editionscle.com\/blogcle\/wp-content\/uploads\/sites\/2\/2018\/03\/Profil_facebookcle.png","contentUrl":"https:\/\/blogs.editionscle.com\/blogcle\/wp-content\/uploads\/sites\/2\/2018\/03\/Profil_facebookcle.png","width":375,"height":375,"caption":"Editions Cl\u00e9"},"image":{"@id":"https:\/\/blogs.editionscle.com\/blogcle\/#\/schema\/logo\/image\/"},"sameAs":["https:\/\/www.facebook.com\/editionscle","https:\/\/x.com\/editionscle","https:\/\/www.youtube.com\/user\/EditionsCle"]},{"@type":"Person","@id":"https:\/\/blogs.editionscle.com\/blogcle\/#\/schema\/person\/6f614e2cdd8aac468261bff8219ca7a0","name":"\u00c9ditions Cl\u00e9","description":"\u00c9ditions Cl\u00e9","sameAs":["https:\/\/editionscle.com"]}]}},"_links":{"self":[{"href":"https:\/\/blogs.editionscle.com\/blogcle\/wp-json\/wp\/v2\/posts\/2824","targetHints":{"allow":["GET"]}}],"collection":[{"href":"https:\/\/blogs.editionscle.com\/blogcle\/wp-json\/wp\/v2\/posts"}],"about":[{"href":"https:\/\/blogs.editionscle.com\/blogcle\/wp-json\/wp\/v2\/types\/post"}],"author":[{"embeddable":true,"href":"https:\/\/blogs.editionscle.com\/blogcle\/wp-json\/wp\/v2\/users\/1"}],"replies":[{"embeddable":true,"href":"https:\/\/blogs.editionscle.com\/blogcle\/wp-json\/wp\/v2\/comments?post=2824"}],"version-history":[{"count":4,"href":"https:\/\/blogs.editionscle.com\/blogcle\/wp-json\/wp\/v2\/posts\/2824\/revisions"}],"predecessor-version":[{"id":2864,"href":"https:\/\/blogs.editionscle.com\/blogcle\/wp-json\/wp\/v2\/posts\/2824\/revisions\/2864"}],"wp:featuredmedia":[{"embeddable":true,"href":"https:\/\/blogs.editionscle.com\/blogcle\/wp-json\/wp\/v2\/media\/2829"}],"wp:attachment":[{"href":"https:\/\/blogs.editionscle.com\/blogcle\/wp-json\/wp\/v2\/media?parent=2824"}],"wp:term":[{"taxonomy":"category","embeddable":true,"href":"https:\/\/blogs.editionscle.com\/blogcle\/wp-json\/wp\/v2\/categories?post=2824"},{"taxonomy":"post_tag","embeddable":true,"href":"https:\/\/blogs.editionscle.com\/blogcle\/wp-json\/wp\/v2\/tags?post=2824"}],"curies":[{"name":"wp","href":"https:\/\/api.w.org\/{rel}","templated":true}]}}