{"id":2903,"date":"2023-03-07T10:23:08","date_gmt":"2023-03-07T09:23:08","guid":{"rendered":"https:\/\/blogs.editionscle.com\/blogcle\/?p=2903"},"modified":"2023-03-17T11:39:56","modified_gmt":"2023-03-17T10:39:56","slug":"entretien-avec-jamel-attar-sur-son-livre-le-chretien-mature-publie-aux-editions-cle","status":"publish","type":"post","link":"https:\/\/blogs.editionscle.com\/blogcle\/entretien-avec-jamel-attar-sur-son-livre-le-chretien-mature-publie-aux-editions-cle\/","title":{"rendered":"Entretien avec Jamel Attar sur son livre Le chr\u00e9tien mature publi\u00e9 aux \u00c9ditions Cl\u00e9"},"content":{"rendered":"\n<figure class=\"wp-block-embed is-type-video is-provider-youtube wp-block-embed-youtube wp-embed-aspect-16-9 wp-has-aspect-ratio\"><div class=\"wp-block-embed__wrapper\">\n<iframe loading=\"lazy\" title=\"Entretien avec Jamel ATTAR - \u00abLe Chr\u00e9tien mature\u00bb - Nouveau livre aux \u00c9ditions Cl\u00e9\" width=\"640\" height=\"360\" src=\"https:\/\/www.youtube.com\/embed\/BBNiEM57qBU?feature=oembed\" frameborder=\"0\" allow=\"accelerometer; autoplay; clipboard-write; encrypted-media; gyroscope; picture-in-picture; web-share\" referrerpolicy=\"strict-origin-when-cross-origin\" allowfullscreen><\/iframe>\n<\/div><figcaption class=\"wp-element-caption\">Jamel Attar pr\u00e9sente son livre Le chr\u00e9tien mature en 10 minute. A d\u00e9couvrir !<\/figcaption><\/figure>\n\n\n\n<p><strong>Un chr\u00e9tien \u00ab\u00a0mature\u00a0\u00bb est-il un chr\u00e9tien \u00ab\u00a0parfait\u00a0\u00bb\u00a0? <\/strong><\/p>\n\n\n\n<p><strong>Que signifie donc \u00ab\u00a0parvenir \u00e0 la maturit\u00e9 spirituelle\u00a0\u00bb et \u00ab\u00a0devenir comme Christ\u00a0\u00bb\u00a0? <\/strong><\/p>\n\n\n\n<p><strong>Quelles sont les caract\u00e9ristiques d\u2019un chr\u00e9tien mature\u00a0?<\/strong><\/p>\n\n\n\n<p>Nous souhaitons grandir dans notre foi et atteindre la maturit\u00e9. Encore faut-il savoir en quoi consiste cette maturit\u00e9. Cet ouvrage a pour objectif de dresser le portrait du chr\u00e9tien mature en dix coups de pinceau, en d\u00e9taillant les dix traits qui le caract\u00e9risent. Ce portrait, qui repr\u00e9sente l\u2019arriv\u00e9e, le but \u00e0 atteindre, stimulera donc notre action.<\/p>\n\n\n\n<p><\/p>\n\n\n\n<div class=\"wp-block-media-text alignwide is-stacked-on-mobile\" style=\"grid-template-columns:20% auto\"><figure class=\"wp-block-media-text__media\"><a href=\"https:\/\/editionscle.com\/vie-chretienne\/342-le-chr%C3%A9tien-mature-9782358431613.html\"><img loading=\"lazy\" decoding=\"async\" width=\"719\" height=\"1024\" src=\"https:\/\/blogs.editionscle.com\/blogcle\/wp-content\/uploads\/sites\/2\/2023\/02\/0161.ip_-719x1024.jpg\" alt=\"Le chr\u00e9tien mature de  Jamel Attar aux \u00c9ditions Cl\u00e9\" class=\"wp-image-2870 size-full\" srcset=\"https:\/\/blogs.editionscle.com\/blogcle\/wp-content\/uploads\/sites\/2\/2023\/02\/0161.ip_-719x1024.jpg 719w, https:\/\/blogs.editionscle.com\/blogcle\/wp-content\/uploads\/sites\/2\/2023\/02\/0161.ip_-211x300.jpg 211w, https:\/\/blogs.editionscle.com\/blogcle\/wp-content\/uploads\/sites\/2\/2023\/02\/0161.ip_-77x110.jpg 77w, https:\/\/blogs.editionscle.com\/blogcle\/wp-content\/uploads\/sites\/2\/2023\/02\/0161.ip_-295x420.jpg 295w, https:\/\/blogs.editionscle.com\/blogcle\/wp-content\/uploads\/sites\/2\/2023\/02\/0161.ip_-302x430.jpg 302w, https:\/\/blogs.editionscle.com\/blogcle\/wp-content\/uploads\/sites\/2\/2023\/02\/0161.ip_.jpg 758w\" sizes=\"auto, (max-width: 719px) 100vw, 719px\" \/><\/a><\/figure><div class=\"wp-block-media-text__content\">\n<p>D\u00e9couvrez le livre sur&nbsp;<a href=\"https:\/\/editionscle.com\/vie-chretienne\/342-le-chr%C3%A9tien-mature-9782358431613.html\">notre site&nbsp;<\/a>ou chez votre libraire.<\/p>\n<\/div><\/div>\n\n\n\n<div class=\"wp-block-media-text alignwide is-stacked-on-mobile\"><figure class=\"wp-block-media-text__media\"><a href=\"https:\/\/youtu.be\/EaHlQOQVqI8\"><img loading=\"lazy\" decoding=\"async\" width=\"640\" height=\"480\" src=\"https:\/\/blogs.editionscle.com\/blogcle\/wp-content\/uploads\/sites\/2\/2023\/03\/sddefault-1.jpg\" alt=\"\" class=\"wp-image-2919 size-full\" srcset=\"https:\/\/blogs.editionscle.com\/blogcle\/wp-content\/uploads\/sites\/2\/2023\/03\/sddefault-1.jpg 640w, https:\/\/blogs.editionscle.com\/blogcle\/wp-content\/uploads\/sites\/2\/2023\/03\/sddefault-1-300x225.jpg 300w, https:\/\/blogs.editionscle.com\/blogcle\/wp-content\/uploads\/sites\/2\/2023\/03\/sddefault-1-110x83.jpg 110w, https:\/\/blogs.editionscle.com\/blogcle\/wp-content\/uploads\/sites\/2\/2023\/03\/sddefault-1-420x315.jpg 420w, https:\/\/blogs.editionscle.com\/blogcle\/wp-content\/uploads\/sites\/2\/2023\/03\/sddefault-1-573x430.jpg 573w\" sizes=\"auto, (max-width: 640px) 100vw, 640px\" \/><\/a><\/figure><div class=\"wp-block-media-text__content\">\n<p>&lt;= D\u00e9couvrez aussi le booktrailer du livre !<\/p>\n<\/div><\/div>\n","protected":false},"excerpt":{"rendered":"<p>Un chr\u00e9tien \u00ab\u00a0mature\u00a0\u00bb est-il un chr\u00e9tien \u00ab\u00a0parfait\u00a0\u00bb\u00a0? Que signifie donc \u00ab\u00a0parvenir \u00e0 la maturit\u00e9 spirituelle\u00a0\u00bb et \u00ab\u00a0devenir comme Christ\u00a0\u00bb\u00a0? Quelles sont les caract\u00e9ristiques d\u2019un chr\u00e9tien mature\u00a0? Nous souhaitons grandir dans notre foi et atteindre la maturit\u00e9. Encore faut-il savoir en quoi consiste cette maturit\u00e9. Cet ouvrage a pour objectif de dresser le portrait du chr\u00e9tien [&hellip;]<\/p>\n","protected":false},"author":1,"featured_media":2906,"comment_status":"open","ping_status":"open","sticky":false,"template":"","format":"standard","meta":{"footnotes":""},"categories":[9,75,5],"tags":[167,172],"class_list":["post-2903","post","type-post","status-publish","format-standard","has-post-thumbnail","hentry","category-auteurs","category-entretiens","category-videos","tag-jamel-attar","tag-le-chretien-mature"],"yoast_head":"<!-- This site is optimized with the Yoast SEO plugin v27.4 - https:\/\/yoast.com\/product\/yoast-seo-wordpress\/ -->\n<title>Entretien avec Jamel Attar sur son livre Le chr\u00e9tien mature publi\u00e9 aux \u00c9ditions Cl\u00e9 - Blog des \u00c9ditions Cl\u00e9<\/title>\n<meta name=\"description\" content=\"Vid\u00e9o entretien avec Jamel Attar sur son livre Le chr\u00e9tien mature\" \/>\n<meta name=\"robots\" content=\"index, follow, max-snippet:-1, max-image-preview:large, max-video-preview:-1\" \/>\n<link rel=\"canonical\" href=\"https:\/\/blogs.editionscle.com\/blogcle\/entretien-avec-jamel-attar-sur-son-livre-le-chretien-mature-publie-aux-editions-cle\/\" \/>\n<meta property=\"og:locale\" content=\"fr_FR\" \/>\n<meta property=\"og:type\" content=\"article\" \/>\n<meta property=\"og:title\" content=\"Entretien avec Jamel Attar sur son livre Le chr\u00e9tien mature publi\u00e9 aux \u00c9ditions Cl\u00e9 - Blog des \u00c9ditions Cl\u00e9\" \/>\n<meta property=\"og:description\" content=\"Vid\u00e9o entretien avec Jamel Attar sur son livre Le chr\u00e9tien mature\" \/>\n<meta property=\"og:url\" content=\"https:\/\/blogs.editionscle.com\/blogcle\/entretien-avec-jamel-attar-sur-son-livre-le-chretien-mature-publie-aux-editions-cle\/\" \/>\n<meta property=\"og:site_name\" content=\"Blog des \u00c9ditions Cl\u00e9\" \/>\n<meta property=\"article:publisher\" content=\"https:\/\/www.facebook.com\/editionscle\" \/>\n<meta property=\"article:published_time\" content=\"2023-03-07T09:23:08+00:00\" \/>\n<meta property=\"article:modified_time\" content=\"2023-03-17T10:39:56+00:00\" \/>\n<meta property=\"og:image\" content=\"https:\/\/blogs.editionscle.com\/blogcle\/wp-content\/uploads\/sites\/2\/2023\/03\/Jamel-et-son-livre-2.jpg\" \/>\n\t<meta property=\"og:image:width\" content=\"1025\" \/>\n\t<meta property=\"og:image:height\" content=\"779\" \/>\n\t<meta property=\"og:image:type\" content=\"image\/jpeg\" \/>\n<meta name=\"author\" content=\"\u00c9ditions Cl\u00e9\" \/>\n<meta name=\"twitter:card\" content=\"summary_large_image\" \/>\n<meta name=\"twitter:creator\" content=\"@editionscle\" \/>\n<meta name=\"twitter:site\" content=\"@editionscle\" \/>\n<meta name=\"twitter:label1\" content=\"\u00c9crit par\" \/>\n\t<meta name=\"twitter:data1\" content=\"\u00c9ditions Cl\u00e9\" \/>\n\t<meta name=\"twitter:label2\" content=\"Dur\u00e9e de lecture estim\u00e9e\" \/>\n\t<meta name=\"twitter:data2\" content=\"1 minute\" \/>\n<script type=\"application\/ld+json\" class=\"yoast-schema-graph\">{\"@context\":\"https:\\\/\\\/schema.org\",\"@graph\":[{\"@type\":\"Article\",\"@id\":\"https:\\\/\\\/blogs.editionscle.com\\\/blogcle\\\/entretien-avec-jamel-attar-sur-son-livre-le-chretien-mature-publie-aux-editions-cle\\\/#article\",\"isPartOf\":{\"@id\":\"https:\\\/\\\/blogs.editionscle.com\\\/blogcle\\\/entretien-avec-jamel-attar-sur-son-livre-le-chretien-mature-publie-aux-editions-cle\\\/\"},\"author\":{\"name\":\"\u00c9ditions Cl\u00e9\",\"@id\":\"https:\\\/\\\/blogs.editionscle.com\\\/blogcle\\\/#\\\/schema\\\/person\\\/6f614e2cdd8aac468261bff8219ca7a0\"},\"headline\":\"Entretien avec Jamel Attar sur son livre Le chr\u00e9tien mature publi\u00e9 aux \u00c9ditions Cl\u00e9\",\"datePublished\":\"2023-03-07T09:23:08+00:00\",\"dateModified\":\"2023-03-17T10:39:56+00:00\",\"mainEntityOfPage\":{\"@id\":\"https:\\\/\\\/blogs.editionscle.com\\\/blogcle\\\/entretien-avec-jamel-attar-sur-son-livre-le-chretien-mature-publie-aux-editions-cle\\\/\"},\"wordCount\":147,\"commentCount\":0,\"publisher\":{\"@id\":\"https:\\\/\\\/blogs.editionscle.com\\\/blogcle\\\/#organization\"},\"image\":{\"@id\":\"https:\\\/\\\/blogs.editionscle.com\\\/blogcle\\\/entretien-avec-jamel-attar-sur-son-livre-le-chretien-mature-publie-aux-editions-cle\\\/#primaryimage\"},\"thumbnailUrl\":\"https:\\\/\\\/blogs.editionscle.com\\\/blogcle\\\/wp-content\\\/uploads\\\/sites\\\/2\\\/2023\\\/03\\\/Jamel-et-son-livre-2.jpg\",\"keywords\":[\"Jamel Attar\",\"le chretien mature\"],\"articleSection\":[\"Auteurs\",\"Entretiens\",\"Vid\u00e9os\"],\"inLanguage\":\"fr-FR\",\"potentialAction\":[{\"@type\":\"CommentAction\",\"name\":\"Comment\",\"target\":[\"https:\\\/\\\/blogs.editionscle.com\\\/blogcle\\\/entretien-avec-jamel-attar-sur-son-livre-le-chretien-mature-publie-aux-editions-cle\\\/#respond\"]}]},{\"@type\":\"WebPage\",\"@id\":\"https:\\\/\\\/blogs.editionscle.com\\\/blogcle\\\/entretien-avec-jamel-attar-sur-son-livre-le-chretien-mature-publie-aux-editions-cle\\\/\",\"url\":\"https:\\\/\\\/blogs.editionscle.com\\\/blogcle\\\/entretien-avec-jamel-attar-sur-son-livre-le-chretien-mature-publie-aux-editions-cle\\\/\",\"name\":\"Entretien avec Jamel Attar sur son livre Le chr\u00e9tien mature publi\u00e9 aux \u00c9ditions Cl\u00e9 - Blog des \u00c9ditions Cl\u00e9\",\"isPartOf\":{\"@id\":\"https:\\\/\\\/blogs.editionscle.com\\\/blogcle\\\/#website\"},\"primaryImageOfPage\":{\"@id\":\"https:\\\/\\\/blogs.editionscle.com\\\/blogcle\\\/entretien-avec-jamel-attar-sur-son-livre-le-chretien-mature-publie-aux-editions-cle\\\/#primaryimage\"},\"image\":{\"@id\":\"https:\\\/\\\/blogs.editionscle.com\\\/blogcle\\\/entretien-avec-jamel-attar-sur-son-livre-le-chretien-mature-publie-aux-editions-cle\\\/#primaryimage\"},\"thumbnailUrl\":\"https:\\\/\\\/blogs.editionscle.com\\\/blogcle\\\/wp-content\\\/uploads\\\/sites\\\/2\\\/2023\\\/03\\\/Jamel-et-son-livre-2.jpg\",\"datePublished\":\"2023-03-07T09:23:08+00:00\",\"dateModified\":\"2023-03-17T10:39:56+00:00\",\"description\":\"Vid\u00e9o entretien avec Jamel Attar sur son livre Le chr\u00e9tien mature\",\"breadcrumb\":{\"@id\":\"https:\\\/\\\/blogs.editionscle.com\\\/blogcle\\\/entretien-avec-jamel-attar-sur-son-livre-le-chretien-mature-publie-aux-editions-cle\\\/#breadcrumb\"},\"inLanguage\":\"fr-FR\",\"potentialAction\":[{\"@type\":\"ReadAction\",\"target\":[\"https:\\\/\\\/blogs.editionscle.com\\\/blogcle\\\/entretien-avec-jamel-attar-sur-son-livre-le-chretien-mature-publie-aux-editions-cle\\\/\"]}]},{\"@type\":\"ImageObject\",\"inLanguage\":\"fr-FR\",\"@id\":\"https:\\\/\\\/blogs.editionscle.com\\\/blogcle\\\/entretien-avec-jamel-attar-sur-son-livre-le-chretien-mature-publie-aux-editions-cle\\\/#primaryimage\",\"url\":\"https:\\\/\\\/blogs.editionscle.com\\\/blogcle\\\/wp-content\\\/uploads\\\/sites\\\/2\\\/2023\\\/03\\\/Jamel-et-son-livre-2.jpg\",\"contentUrl\":\"https:\\\/\\\/blogs.editionscle.com\\\/blogcle\\\/wp-content\\\/uploads\\\/sites\\\/2\\\/2023\\\/03\\\/Jamel-et-son-livre-2.jpg\",\"width\":1025,\"height\":779},{\"@type\":\"BreadcrumbList\",\"@id\":\"https:\\\/\\\/blogs.editionscle.com\\\/blogcle\\\/entretien-avec-jamel-attar-sur-son-livre-le-chretien-mature-publie-aux-editions-cle\\\/#breadcrumb\",\"itemListElement\":[{\"@type\":\"ListItem\",\"position\":1,\"name\":\"Accueil\",\"item\":\"https:\\\/\\\/blogs.editionscle.com\\\/blogcle\\\/\"},{\"@type\":\"ListItem\",\"position\":2,\"name\":\"Entretien avec Jamel Attar sur son livre Le chr\u00e9tien mature publi\u00e9 aux \u00c9ditions Cl\u00e9\"}]},{\"@type\":\"WebSite\",\"@id\":\"https:\\\/\\\/blogs.editionscle.com\\\/blogcle\\\/#website\",\"url\":\"https:\\\/\\\/blogs.editionscle.com\\\/blogcle\\\/\",\"name\":\"Blog des \u00c9ditions Cl\u00e9\",\"description\":\"Livres et logiciels pour comprendre la Bible\",\"publisher\":{\"@id\":\"https:\\\/\\\/blogs.editionscle.com\\\/blogcle\\\/#organization\"},\"potentialAction\":[{\"@type\":\"SearchAction\",\"target\":{\"@type\":\"EntryPoint\",\"urlTemplate\":\"https:\\\/\\\/blogs.editionscle.com\\\/blogcle\\\/?s={search_term_string}\"},\"query-input\":{\"@type\":\"PropertyValueSpecification\",\"valueRequired\":true,\"valueName\":\"search_term_string\"}}],\"inLanguage\":\"fr-FR\"},{\"@type\":\"Organization\",\"@id\":\"https:\\\/\\\/blogs.editionscle.com\\\/blogcle\\\/#organization\",\"name\":\"Editions Cl\u00e9\",\"url\":\"https:\\\/\\\/blogs.editionscle.com\\\/blogcle\\\/\",\"logo\":{\"@type\":\"ImageObject\",\"inLanguage\":\"fr-FR\",\"@id\":\"https:\\\/\\\/blogs.editionscle.com\\\/blogcle\\\/#\\\/schema\\\/logo\\\/image\\\/\",\"url\":\"https:\\\/\\\/blogs.editionscle.com\\\/blogcle\\\/wp-content\\\/uploads\\\/sites\\\/2\\\/2018\\\/03\\\/Profil_facebookcle.png\",\"contentUrl\":\"https:\\\/\\\/blogs.editionscle.com\\\/blogcle\\\/wp-content\\\/uploads\\\/sites\\\/2\\\/2018\\\/03\\\/Profil_facebookcle.png\",\"width\":375,\"height\":375,\"caption\":\"Editions Cl\u00e9\"},\"image\":{\"@id\":\"https:\\\/\\\/blogs.editionscle.com\\\/blogcle\\\/#\\\/schema\\\/logo\\\/image\\\/\"},\"sameAs\":[\"https:\\\/\\\/www.facebook.com\\\/editionscle\",\"https:\\\/\\\/x.com\\\/editionscle\",\"https:\\\/\\\/www.youtube.com\\\/user\\\/EditionsCle\"]},{\"@type\":\"Person\",\"@id\":\"https:\\\/\\\/blogs.editionscle.com\\\/blogcle\\\/#\\\/schema\\\/person\\\/6f614e2cdd8aac468261bff8219ca7a0\",\"name\":\"\u00c9ditions Cl\u00e9\",\"description\":\"\u00c9ditions Cl\u00e9\",\"sameAs\":[\"https:\\\/\\\/editionscle.com\"]}]}<\/script>\n<!-- \/ Yoast SEO plugin. -->","yoast_head_json":{"title":"Entretien avec Jamel Attar sur son livre Le chr\u00e9tien mature publi\u00e9 aux \u00c9ditions Cl\u00e9 - Blog des \u00c9ditions Cl\u00e9","description":"Vid\u00e9o entretien avec Jamel Attar sur son livre Le chr\u00e9tien mature","robots":{"index":"index","follow":"follow","max-snippet":"max-snippet:-1","max-image-preview":"max-image-preview:large","max-video-preview":"max-video-preview:-1"},"canonical":"https:\/\/blogs.editionscle.com\/blogcle\/entretien-avec-jamel-attar-sur-son-livre-le-chretien-mature-publie-aux-editions-cle\/","og_locale":"fr_FR","og_type":"article","og_title":"Entretien avec Jamel Attar sur son livre Le chr\u00e9tien mature publi\u00e9 aux \u00c9ditions Cl\u00e9 - Blog des \u00c9ditions Cl\u00e9","og_description":"Vid\u00e9o entretien avec Jamel Attar sur son livre Le chr\u00e9tien mature","og_url":"https:\/\/blogs.editionscle.com\/blogcle\/entretien-avec-jamel-attar-sur-son-livre-le-chretien-mature-publie-aux-editions-cle\/","og_site_name":"Blog des \u00c9ditions Cl\u00e9","article_publisher":"https:\/\/www.facebook.com\/editionscle","article_published_time":"2023-03-07T09:23:08+00:00","article_modified_time":"2023-03-17T10:39:56+00:00","og_image":[{"width":1025,"height":779,"url":"https:\/\/blogs.editionscle.com\/blogcle\/wp-content\/uploads\/sites\/2\/2023\/03\/Jamel-et-son-livre-2.jpg","type":"image\/jpeg"}],"author":"\u00c9ditions Cl\u00e9","twitter_card":"summary_large_image","twitter_creator":"@editionscle","twitter_site":"@editionscle","twitter_misc":{"\u00c9crit par":"\u00c9ditions Cl\u00e9","Dur\u00e9e de lecture estim\u00e9e":"1 minute"},"schema":{"@context":"https:\/\/schema.org","@graph":[{"@type":"Article","@id":"https:\/\/blogs.editionscle.com\/blogcle\/entretien-avec-jamel-attar-sur-son-livre-le-chretien-mature-publie-aux-editions-cle\/#article","isPartOf":{"@id":"https:\/\/blogs.editionscle.com\/blogcle\/entretien-avec-jamel-attar-sur-son-livre-le-chretien-mature-publie-aux-editions-cle\/"},"author":{"name":"\u00c9ditions Cl\u00e9","@id":"https:\/\/blogs.editionscle.com\/blogcle\/#\/schema\/person\/6f614e2cdd8aac468261bff8219ca7a0"},"headline":"Entretien avec Jamel Attar sur son livre Le chr\u00e9tien mature publi\u00e9 aux \u00c9ditions Cl\u00e9","datePublished":"2023-03-07T09:23:08+00:00","dateModified":"2023-03-17T10:39:56+00:00","mainEntityOfPage":{"@id":"https:\/\/blogs.editionscle.com\/blogcle\/entretien-avec-jamel-attar-sur-son-livre-le-chretien-mature-publie-aux-editions-cle\/"},"wordCount":147,"commentCount":0,"publisher":{"@id":"https:\/\/blogs.editionscle.com\/blogcle\/#organization"},"image":{"@id":"https:\/\/blogs.editionscle.com\/blogcle\/entretien-avec-jamel-attar-sur-son-livre-le-chretien-mature-publie-aux-editions-cle\/#primaryimage"},"thumbnailUrl":"https:\/\/blogs.editionscle.com\/blogcle\/wp-content\/uploads\/sites\/2\/2023\/03\/Jamel-et-son-livre-2.jpg","keywords":["Jamel Attar","le chretien mature"],"articleSection":["Auteurs","Entretiens","Vid\u00e9os"],"inLanguage":"fr-FR","potentialAction":[{"@type":"CommentAction","name":"Comment","target":["https:\/\/blogs.editionscle.com\/blogcle\/entretien-avec-jamel-attar-sur-son-livre-le-chretien-mature-publie-aux-editions-cle\/#respond"]}]},{"@type":"WebPage","@id":"https:\/\/blogs.editionscle.com\/blogcle\/entretien-avec-jamel-attar-sur-son-livre-le-chretien-mature-publie-aux-editions-cle\/","url":"https:\/\/blogs.editionscle.com\/blogcle\/entretien-avec-jamel-attar-sur-son-livre-le-chretien-mature-publie-aux-editions-cle\/","name":"Entretien avec Jamel Attar sur son livre Le chr\u00e9tien mature publi\u00e9 aux \u00c9ditions Cl\u00e9 - Blog des \u00c9ditions Cl\u00e9","isPartOf":{"@id":"https:\/\/blogs.editionscle.com\/blogcle\/#website"},"primaryImageOfPage":{"@id":"https:\/\/blogs.editionscle.com\/blogcle\/entretien-avec-jamel-attar-sur-son-livre-le-chretien-mature-publie-aux-editions-cle\/#primaryimage"},"image":{"@id":"https:\/\/blogs.editionscle.com\/blogcle\/entretien-avec-jamel-attar-sur-son-livre-le-chretien-mature-publie-aux-editions-cle\/#primaryimage"},"thumbnailUrl":"https:\/\/blogs.editionscle.com\/blogcle\/wp-content\/uploads\/sites\/2\/2023\/03\/Jamel-et-son-livre-2.jpg","datePublished":"2023-03-07T09:23:08+00:00","dateModified":"2023-03-17T10:39:56+00:00","description":"Vid\u00e9o entretien avec Jamel Attar sur son livre Le chr\u00e9tien mature","breadcrumb":{"@id":"https:\/\/blogs.editionscle.com\/blogcle\/entretien-avec-jamel-attar-sur-son-livre-le-chretien-mature-publie-aux-editions-cle\/#breadcrumb"},"inLanguage":"fr-FR","potentialAction":[{"@type":"ReadAction","target":["https:\/\/blogs.editionscle.com\/blogcle\/entretien-avec-jamel-attar-sur-son-livre-le-chretien-mature-publie-aux-editions-cle\/"]}]},{"@type":"ImageObject","inLanguage":"fr-FR","@id":"https:\/\/blogs.editionscle.com\/blogcle\/entretien-avec-jamel-attar-sur-son-livre-le-chretien-mature-publie-aux-editions-cle\/#primaryimage","url":"https:\/\/blogs.editionscle.com\/blogcle\/wp-content\/uploads\/sites\/2\/2023\/03\/Jamel-et-son-livre-2.jpg","contentUrl":"https:\/\/blogs.editionscle.com\/blogcle\/wp-content\/uploads\/sites\/2\/2023\/03\/Jamel-et-son-livre-2.jpg","width":1025,"height":779},{"@type":"BreadcrumbList","@id":"https:\/\/blogs.editionscle.com\/blogcle\/entretien-avec-jamel-attar-sur-son-livre-le-chretien-mature-publie-aux-editions-cle\/#breadcrumb","itemListElement":[{"@type":"ListItem","position":1,"name":"Accueil","item":"https:\/\/blogs.editionscle.com\/blogcle\/"},{"@type":"ListItem","position":2,"name":"Entretien avec Jamel Attar sur son livre Le chr\u00e9tien mature publi\u00e9 aux \u00c9ditions Cl\u00e9"}]},{"@type":"WebSite","@id":"https:\/\/blogs.editionscle.com\/blogcle\/#website","url":"https:\/\/blogs.editionscle.com\/blogcle\/","name":"Blog des \u00c9ditions Cl\u00e9","description":"Livres et logiciels pour comprendre la Bible","publisher":{"@id":"https:\/\/blogs.editionscle.com\/blogcle\/#organization"},"potentialAction":[{"@type":"SearchAction","target":{"@type":"EntryPoint","urlTemplate":"https:\/\/blogs.editionscle.com\/blogcle\/?s={search_term_string}"},"query-input":{"@type":"PropertyValueSpecification","valueRequired":true,"valueName":"search_term_string"}}],"inLanguage":"fr-FR"},{"@type":"Organization","@id":"https:\/\/blogs.editionscle.com\/blogcle\/#organization","name":"Editions Cl\u00e9","url":"https:\/\/blogs.editionscle.com\/blogcle\/","logo":{"@type":"ImageObject","inLanguage":"fr-FR","@id":"https:\/\/blogs.editionscle.com\/blogcle\/#\/schema\/logo\/image\/","url":"https:\/\/blogs.editionscle.com\/blogcle\/wp-content\/uploads\/sites\/2\/2018\/03\/Profil_facebookcle.png","contentUrl":"https:\/\/blogs.editionscle.com\/blogcle\/wp-content\/uploads\/sites\/2\/2018\/03\/Profil_facebookcle.png","width":375,"height":375,"caption":"Editions Cl\u00e9"},"image":{"@id":"https:\/\/blogs.editionscle.com\/blogcle\/#\/schema\/logo\/image\/"},"sameAs":["https:\/\/www.facebook.com\/editionscle","https:\/\/x.com\/editionscle","https:\/\/www.youtube.com\/user\/EditionsCle"]},{"@type":"Person","@id":"https:\/\/blogs.editionscle.com\/blogcle\/#\/schema\/person\/6f614e2cdd8aac468261bff8219ca7a0","name":"\u00c9ditions Cl\u00e9","description":"\u00c9ditions Cl\u00e9","sameAs":["https:\/\/editionscle.com"]}]}},"_links":{"self":[{"href":"https:\/\/blogs.editionscle.com\/blogcle\/wp-json\/wp\/v2\/posts\/2903","targetHints":{"allow":["GET"]}}],"collection":[{"href":"https:\/\/blogs.editionscle.com\/blogcle\/wp-json\/wp\/v2\/posts"}],"about":[{"href":"https:\/\/blogs.editionscle.com\/blogcle\/wp-json\/wp\/v2\/types\/post"}],"author":[{"embeddable":true,"href":"https:\/\/blogs.editionscle.com\/blogcle\/wp-json\/wp\/v2\/users\/1"}],"replies":[{"embeddable":true,"href":"https:\/\/blogs.editionscle.com\/blogcle\/wp-json\/wp\/v2\/comments?post=2903"}],"version-history":[{"count":5,"href":"https:\/\/blogs.editionscle.com\/blogcle\/wp-json\/wp\/v2\/posts\/2903\/revisions"}],"predecessor-version":[{"id":2926,"href":"https:\/\/blogs.editionscle.com\/blogcle\/wp-json\/wp\/v2\/posts\/2903\/revisions\/2926"}],"wp:featuredmedia":[{"embeddable":true,"href":"https:\/\/blogs.editionscle.com\/blogcle\/wp-json\/wp\/v2\/media\/2906"}],"wp:attachment":[{"href":"https:\/\/blogs.editionscle.com\/blogcle\/wp-json\/wp\/v2\/media?parent=2903"}],"wp:term":[{"taxonomy":"category","embeddable":true,"href":"https:\/\/blogs.editionscle.com\/blogcle\/wp-json\/wp\/v2\/categories?post=2903"},{"taxonomy":"post_tag","embeddable":true,"href":"https:\/\/blogs.editionscle.com\/blogcle\/wp-json\/wp\/v2\/tags?post=2903"}],"curies":[{"name":"wp","href":"https:\/\/api.w.org\/{rel}","templated":true}]}}