{"id":3041,"date":"2023-12-20T12:00:00","date_gmt":"2023-12-20T11:00:00","guid":{"rendered":"https:\/\/blogs.editionscle.com\/blogcle\/?p=3041"},"modified":"2024-01-16T14:10:37","modified_gmt":"2024-01-16T13:10:37","slug":"la-parole-est-au-lecteur-2","status":"publish","type":"post","link":"https:\/\/blogs.editionscle.com\/blogcle\/la-parole-est-au-lecteur-2\/","title":{"rendered":"La Parole est au lecteur n\u00b02"},"content":{"rendered":"<div class=\"wp-block-image\">\n<figure class=\"aligncenter size-full is-resized\"><img loading=\"lazy\" decoding=\"async\" width=\"1080\" height=\"810\" src=\"https:\/\/blogs.editionscle.com\/blogcle\/wp-content\/uploads\/sites\/2\/2023\/12\/Generation-Smartphone-de-Timothy-Keller-presente-par-Tim-Ruffier-2-1-edited.png\" alt=\"\" class=\"wp-image-3050\" style=\"width:597px;height:auto\" srcset=\"https:\/\/blogs.editionscle.com\/blogcle\/wp-content\/uploads\/sites\/2\/2023\/12\/Generation-Smartphone-de-Timothy-Keller-presente-par-Tim-Ruffier-2-1-edited.png 1080w, https:\/\/blogs.editionscle.com\/blogcle\/wp-content\/uploads\/sites\/2\/2023\/12\/Generation-Smartphone-de-Timothy-Keller-presente-par-Tim-Ruffier-2-1-edited-300x225.png 300w, https:\/\/blogs.editionscle.com\/blogcle\/wp-content\/uploads\/sites\/2\/2023\/12\/Generation-Smartphone-de-Timothy-Keller-presente-par-Tim-Ruffier-2-1-edited-1024x768.png 1024w, https:\/\/blogs.editionscle.com\/blogcle\/wp-content\/uploads\/sites\/2\/2023\/12\/Generation-Smartphone-de-Timothy-Keller-presente-par-Tim-Ruffier-2-1-edited-768x576.png 768w, https:\/\/blogs.editionscle.com\/blogcle\/wp-content\/uploads\/sites\/2\/2023\/12\/Generation-Smartphone-de-Timothy-Keller-presente-par-Tim-Ruffier-2-1-edited-110x83.png 110w, https:\/\/blogs.editionscle.com\/blogcle\/wp-content\/uploads\/sites\/2\/2023\/12\/Generation-Smartphone-de-Timothy-Keller-presente-par-Tim-Ruffier-2-1-edited-420x315.png 420w, https:\/\/blogs.editionscle.com\/blogcle\/wp-content\/uploads\/sites\/2\/2023\/12\/Generation-Smartphone-de-Timothy-Keller-presente-par-Tim-Ruffier-2-1-edited-573x430.png 573w\" sizes=\"auto, (max-width: 1080px) 100vw, 1080px\" \/><\/figure>\n<\/div>\n\n\n<p><strong>Qui es-tu ?<\/strong><br \/>Je m&rsquo;appelle Tim Ruffier. Je travaille \u00e0 Strasbourg dans le domaine de l&rsquo;a\u00e9ronautique et, en parall\u00e8le, je me forme gr\u00e2ce aux cours en ligne de l\u2019IBG. J&rsquo;ai aussi la joie d\u2019\u00eatre le coordinateur de la R\u00e9bellution : le blog jeunesse d\u2019Evangile 21 qui veut encourager les jeunes \u00e0 ne pas g\u00e2cher leur jeunesse mais \u00e0 la vivre pour Dieu !<\/p>\n\n\n\n<p><strong>Quel livre des Editions Cl\u00e9 qui t\u2019as influenc\u00e9 dans ta vie chr\u00e9tienne ?<\/strong><br \/>R\u00e9cemment, j\u2019ai beaucoup appr\u00e9ci\u00e9 lire \u201cG\u00e9n\u00e9ration Smartphone\u201d de Tony Reinke.&nbsp;L&rsquo;auteur nous invite \u00e0 questionner l&rsquo;utilisation que nous faisons de nos smartphones, avec son lot de pi\u00e8ges et d&rsquo;opportunit\u00e9s, afin que la technologie ne soit pas une idole mais un vecteur de la gloire de Dieu.<\/p>\n\n\n\n<p><strong>Pourquoi ?<\/strong><br \/>J&rsquo;ai entendu parler de ce livre il y a quelques temps, au sein de mon \u00e9glise locale. Je trouve qu&rsquo;il est vraiment utile pour appr\u00e9hender la tension qui existe entre le grand potentiel de la technologie dans nos poches, et le combat que repr\u00e9sente son utilisation saine.<br \/>Ce livre m&rsquo;a aid\u00e9 \u00e0 prendre du recul pour regarder la technologie avec un point de vue th\u00e9ologique. En effet, bien qu&rsquo;elle puisse \u00eatre utilis\u00e9e \u00e0 mauvais escient, elle n&rsquo;est pas intrins\u00e8quement mauvaise et, bien souvent, elle est m\u00eame en r\u00e9alit\u00e9 une gr\u00e2ce de Dieu. D&rsquo;ailleurs, l&rsquo;auteur donne des pistes tr\u00e8s concr\u00e8tes \u00e0 mettre en place dans nos vies pour avoir une utilisation raisonn\u00e9e de nos smartphones et les utiliser non seulement d&rsquo;une fa\u00e7on saine mais aussi intentionnelle pour sa gloire.<\/p>\n\n\n\n<p><strong>Une chose que tu retiens de ce livre ?<\/strong><br \/>Je retiens de ce livre que les smartphones sont des outils \u00ab\u00a0\u00e0 double tranchants\u00a0\u00bb et que l&rsquo;utilisation que nous en avons r\u00e9v\u00e8le souvent beaucoup de choses sur notre c\u0153ur. La solution n&rsquo;est pas n\u00e9cessairement de les jeter par la fen\u00eatre ! Mais veillons \u00e0 les mettre au service du Royaume de Dieu plut\u00f4t que de leur \u00eatre nous-m\u00eames asservis.<\/p>\n\n\n\n<p><strong>\u00c0 qui le conseillerais tu ?<\/strong><br \/>Je conseillerais ce livre \u00e0 toute personne qui utilise un smartphone! Et cette lecture sera d&rsquo;autant plus pertinente pour celles et ceux qui sont pr\u00e9sents sur les r\u00e9seaux sociaux ou qui exercent un quelconque minist\u00e8re en ligne.<\/p>\n\n\n<div class=\"wp-block-image\">\n<figure class=\"aligncenter size-large\"><a href=\"https:\/\/editionscle.com\/vie-chretienne\/257-generation-smartphone-9782358431248.html\"><img loading=\"lazy\" decoding=\"async\" width=\"1024\" height=\"314\" src=\"https:\/\/blogs.editionscle.com\/blogcle\/wp-content\/uploads\/sites\/2\/2023\/12\/Design-sans-titre.pdf-1-1024x314.png\" alt=\"\" class=\"wp-image-3045\" srcset=\"https:\/\/blogs.editionscle.com\/blogcle\/wp-content\/uploads\/sites\/2\/2023\/12\/Design-sans-titre.pdf-1-1024x314.png 1024w, https:\/\/blogs.editionscle.com\/blogcle\/wp-content\/uploads\/sites\/2\/2023\/12\/Design-sans-titre.pdf-1-300x92.png 300w, https:\/\/blogs.editionscle.com\/blogcle\/wp-content\/uploads\/sites\/2\/2023\/12\/Design-sans-titre.pdf-1-768x235.png 768w, https:\/\/blogs.editionscle.com\/blogcle\/wp-content\/uploads\/sites\/2\/2023\/12\/Design-sans-titre.pdf-1-1536x471.png 1536w, https:\/\/blogs.editionscle.com\/blogcle\/wp-content\/uploads\/sites\/2\/2023\/12\/Design-sans-titre.pdf-1-110x34.png 110w, https:\/\/blogs.editionscle.com\/blogcle\/wp-content\/uploads\/sites\/2\/2023\/12\/Design-sans-titre.pdf-1-420x129.png 420w, https:\/\/blogs.editionscle.com\/blogcle\/wp-content\/uploads\/sites\/2\/2023\/12\/Design-sans-titre.pdf-1-770x236.png 770w, https:\/\/blogs.editionscle.com\/blogcle\/wp-content\/uploads\/sites\/2\/2023\/12\/Design-sans-titre.pdf-1.png 2000w\" sizes=\"auto, (max-width: 1024px) 100vw, 1024px\" \/><\/a><\/figure>\n<\/div>","protected":false},"excerpt":{"rendered":"<p>Qui es-tu ?Je m&rsquo;appelle Tim Ruffier. Je travaille \u00e0 Strasbourg dans le domaine de l&rsquo;a\u00e9ronautique et, en parall\u00e8le, je me forme gr\u00e2ce aux cours en ligne de l\u2019IBG. J&rsquo;ai aussi la joie d\u2019\u00eatre le coordinateur de la R\u00e9bellution : le blog jeunesse d\u2019Evangile 21 qui veut encourager les jeunes \u00e0 ne pas g\u00e2cher leur jeunesse [&hellip;]<\/p>\n","protected":false},"author":1,"featured_media":3047,"comment_status":"open","ping_status":"open","sticky":false,"template":"","format":"standard","meta":{"footnotes":""},"categories":[72,182],"tags":[131,45,56],"class_list":["post-3041","post","type-post","status-publish","format-standard","has-post-thumbnail","hentry","category-articles","category-la-parole-est-au-lecteur","tag-generation-smartphone","tag-livre","tag-tony-reinke"],"yoast_head":"<!-- This site is optimized with the Yoast SEO plugin v27.5 - https:\/\/yoast.com\/product\/yoast-seo-wordpress\/ -->\n<title>La Parole est au lecteur n\u00b02 - Blog des \u00c9ditions Cl\u00e9<\/title>\n<meta name=\"robots\" content=\"index, follow, max-snippet:-1, max-image-preview:large, max-video-preview:-1\" \/>\n<link rel=\"canonical\" href=\"https:\/\/blogs.editionscle.com\/blogcle\/la-parole-est-au-lecteur-2\/\" \/>\n<meta property=\"og:locale\" content=\"fr_FR\" \/>\n<meta property=\"og:type\" content=\"article\" \/>\n<meta property=\"og:title\" content=\"La Parole est au lecteur n\u00b02 - Blog des \u00c9ditions Cl\u00e9\" \/>\n<meta property=\"og:description\" content=\"Qui es-tu ?Je m&rsquo;appelle Tim Ruffier. Je travaille \u00e0 Strasbourg dans le domaine de l&rsquo;a\u00e9ronautique et, en parall\u00e8le, je me forme gr\u00e2ce aux cours en ligne de l\u2019IBG. J&rsquo;ai aussi la joie d\u2019\u00eatre le coordinateur de la R\u00e9bellution : le blog jeunesse d\u2019Evangile 21 qui veut encourager les jeunes \u00e0 ne pas g\u00e2cher leur jeunesse [&hellip;]\" \/>\n<meta property=\"og:url\" content=\"https:\/\/blogs.editionscle.com\/blogcle\/la-parole-est-au-lecteur-2\/\" \/>\n<meta property=\"og:site_name\" content=\"Blog des \u00c9ditions Cl\u00e9\" \/>\n<meta property=\"article:publisher\" content=\"https:\/\/www.facebook.com\/editionscle\" \/>\n<meta property=\"article:published_time\" content=\"2023-12-20T11:00:00+00:00\" \/>\n<meta property=\"article:modified_time\" content=\"2024-01-16T13:10:37+00:00\" \/>\n<meta property=\"og:image\" content=\"https:\/\/blogs.editionscle.com\/blogcle\/wp-content\/uploads\/sites\/2\/2023\/12\/Generation-Smartphone-de-Timothy-Keller-presente-par-Tim-Ruffier-2-1.png\" \/>\n\t<meta property=\"og:image:width\" content=\"1080\" \/>\n\t<meta property=\"og:image:height\" content=\"1080\" \/>\n\t<meta property=\"og:image:type\" content=\"image\/png\" \/>\n<meta name=\"author\" content=\"\u00c9ditions Cl\u00e9\" \/>\n<meta name=\"twitter:card\" content=\"summary_large_image\" \/>\n<meta name=\"twitter:creator\" content=\"@editionscle\" \/>\n<meta name=\"twitter:site\" content=\"@editionscle\" \/>\n<meta name=\"twitter:label1\" content=\"\u00c9crit par\" \/>\n\t<meta name=\"twitter:data1\" content=\"\u00c9ditions Cl\u00e9\" \/>\n\t<meta name=\"twitter:label2\" content=\"Dur\u00e9e de lecture estim\u00e9e\" \/>\n\t<meta name=\"twitter:data2\" content=\"3 minutes\" \/>\n<script type=\"application\/ld+json\" class=\"yoast-schema-graph\">{\"@context\":\"https:\\\/\\\/schema.org\",\"@graph\":[{\"@type\":\"Article\",\"@id\":\"https:\\\/\\\/blogs.editionscle.com\\\/blogcle\\\/la-parole-est-au-lecteur-2\\\/#article\",\"isPartOf\":{\"@id\":\"https:\\\/\\\/blogs.editionscle.com\\\/blogcle\\\/la-parole-est-au-lecteur-2\\\/\"},\"author\":{\"name\":\"\u00c9ditions Cl\u00e9\",\"@id\":\"https:\\\/\\\/blogs.editionscle.com\\\/blogcle\\\/#\\\/schema\\\/person\\\/6f614e2cdd8aac468261bff8219ca7a0\"},\"headline\":\"La Parole est au lecteur n\u00b02\",\"datePublished\":\"2023-12-20T11:00:00+00:00\",\"dateModified\":\"2024-01-16T13:10:37+00:00\",\"mainEntityOfPage\":{\"@id\":\"https:\\\/\\\/blogs.editionscle.com\\\/blogcle\\\/la-parole-est-au-lecteur-2\\\/\"},\"wordCount\":406,\"commentCount\":0,\"publisher\":{\"@id\":\"https:\\\/\\\/blogs.editionscle.com\\\/blogcle\\\/#organization\"},\"image\":{\"@id\":\"https:\\\/\\\/blogs.editionscle.com\\\/blogcle\\\/la-parole-est-au-lecteur-2\\\/#primaryimage\"},\"thumbnailUrl\":\"https:\\\/\\\/blogs.editionscle.com\\\/blogcle\\\/wp-content\\\/uploads\\\/sites\\\/2\\\/2023\\\/12\\\/Generation-Smartphone-de-Timothy-Keller-presente-par-Tim-Ruffier-2-1.png\",\"keywords\":[\"G\u00e9n\u00e9ration smartphone\",\"livre\",\"Tony Reinke\"],\"articleSection\":[\"Articles\",\"La parole est au lecteur\"],\"inLanguage\":\"fr-FR\",\"potentialAction\":[{\"@type\":\"CommentAction\",\"name\":\"Comment\",\"target\":[\"https:\\\/\\\/blogs.editionscle.com\\\/blogcle\\\/la-parole-est-au-lecteur-2\\\/#respond\"]}]},{\"@type\":\"WebPage\",\"@id\":\"https:\\\/\\\/blogs.editionscle.com\\\/blogcle\\\/la-parole-est-au-lecteur-2\\\/\",\"url\":\"https:\\\/\\\/blogs.editionscle.com\\\/blogcle\\\/la-parole-est-au-lecteur-2\\\/\",\"name\":\"La Parole est au lecteur n\u00b02 - Blog des \u00c9ditions Cl\u00e9\",\"isPartOf\":{\"@id\":\"https:\\\/\\\/blogs.editionscle.com\\\/blogcle\\\/#website\"},\"primaryImageOfPage\":{\"@id\":\"https:\\\/\\\/blogs.editionscle.com\\\/blogcle\\\/la-parole-est-au-lecteur-2\\\/#primaryimage\"},\"image\":{\"@id\":\"https:\\\/\\\/blogs.editionscle.com\\\/blogcle\\\/la-parole-est-au-lecteur-2\\\/#primaryimage\"},\"thumbnailUrl\":\"https:\\\/\\\/blogs.editionscle.com\\\/blogcle\\\/wp-content\\\/uploads\\\/sites\\\/2\\\/2023\\\/12\\\/Generation-Smartphone-de-Timothy-Keller-presente-par-Tim-Ruffier-2-1.png\",\"datePublished\":\"2023-12-20T11:00:00+00:00\",\"dateModified\":\"2024-01-16T13:10:37+00:00\",\"breadcrumb\":{\"@id\":\"https:\\\/\\\/blogs.editionscle.com\\\/blogcle\\\/la-parole-est-au-lecteur-2\\\/#breadcrumb\"},\"inLanguage\":\"fr-FR\",\"potentialAction\":[{\"@type\":\"ReadAction\",\"target\":[\"https:\\\/\\\/blogs.editionscle.com\\\/blogcle\\\/la-parole-est-au-lecteur-2\\\/\"]}]},{\"@type\":\"ImageObject\",\"inLanguage\":\"fr-FR\",\"@id\":\"https:\\\/\\\/blogs.editionscle.com\\\/blogcle\\\/la-parole-est-au-lecteur-2\\\/#primaryimage\",\"url\":\"https:\\\/\\\/blogs.editionscle.com\\\/blogcle\\\/wp-content\\\/uploads\\\/sites\\\/2\\\/2023\\\/12\\\/Generation-Smartphone-de-Timothy-Keller-presente-par-Tim-Ruffier-2-1.png\",\"contentUrl\":\"https:\\\/\\\/blogs.editionscle.com\\\/blogcle\\\/wp-content\\\/uploads\\\/sites\\\/2\\\/2023\\\/12\\\/Generation-Smartphone-de-Timothy-Keller-presente-par-Tim-Ruffier-2-1.png\",\"width\":1080,\"height\":1080},{\"@type\":\"BreadcrumbList\",\"@id\":\"https:\\\/\\\/blogs.editionscle.com\\\/blogcle\\\/la-parole-est-au-lecteur-2\\\/#breadcrumb\",\"itemListElement\":[{\"@type\":\"ListItem\",\"position\":1,\"name\":\"Accueil\",\"item\":\"https:\\\/\\\/blogs.editionscle.com\\\/blogcle\\\/\"},{\"@type\":\"ListItem\",\"position\":2,\"name\":\"La Parole est au lecteur n\u00b02\"}]},{\"@type\":\"WebSite\",\"@id\":\"https:\\\/\\\/blogs.editionscle.com\\\/blogcle\\\/#website\",\"url\":\"https:\\\/\\\/blogs.editionscle.com\\\/blogcle\\\/\",\"name\":\"Blog des \u00c9ditions Cl\u00e9\",\"description\":\"Livres et logiciels pour comprendre la Bible\",\"publisher\":{\"@id\":\"https:\\\/\\\/blogs.editionscle.com\\\/blogcle\\\/#organization\"},\"potentialAction\":[{\"@type\":\"SearchAction\",\"target\":{\"@type\":\"EntryPoint\",\"urlTemplate\":\"https:\\\/\\\/blogs.editionscle.com\\\/blogcle\\\/?s={search_term_string}\"},\"query-input\":{\"@type\":\"PropertyValueSpecification\",\"valueRequired\":true,\"valueName\":\"search_term_string\"}}],\"inLanguage\":\"fr-FR\"},{\"@type\":\"Organization\",\"@id\":\"https:\\\/\\\/blogs.editionscle.com\\\/blogcle\\\/#organization\",\"name\":\"Editions Cl\u00e9\",\"url\":\"https:\\\/\\\/blogs.editionscle.com\\\/blogcle\\\/\",\"logo\":{\"@type\":\"ImageObject\",\"inLanguage\":\"fr-FR\",\"@id\":\"https:\\\/\\\/blogs.editionscle.com\\\/blogcle\\\/#\\\/schema\\\/logo\\\/image\\\/\",\"url\":\"https:\\\/\\\/blogs.editionscle.com\\\/blogcle\\\/wp-content\\\/uploads\\\/sites\\\/2\\\/2018\\\/03\\\/Profil_facebookcle.png\",\"contentUrl\":\"https:\\\/\\\/blogs.editionscle.com\\\/blogcle\\\/wp-content\\\/uploads\\\/sites\\\/2\\\/2018\\\/03\\\/Profil_facebookcle.png\",\"width\":375,\"height\":375,\"caption\":\"Editions Cl\u00e9\"},\"image\":{\"@id\":\"https:\\\/\\\/blogs.editionscle.com\\\/blogcle\\\/#\\\/schema\\\/logo\\\/image\\\/\"},\"sameAs\":[\"https:\\\/\\\/www.facebook.com\\\/editionscle\",\"https:\\\/\\\/x.com\\\/editionscle\",\"https:\\\/\\\/www.youtube.com\\\/user\\\/EditionsCle\"]},{\"@type\":\"Person\",\"@id\":\"https:\\\/\\\/blogs.editionscle.com\\\/blogcle\\\/#\\\/schema\\\/person\\\/6f614e2cdd8aac468261bff8219ca7a0\",\"name\":\"\u00c9ditions Cl\u00e9\",\"description\":\"\u00c9ditions Cl\u00e9\",\"sameAs\":[\"https:\\\/\\\/editionscle.com\"]}]}<\/script>\n<!-- \/ Yoast SEO plugin. -->","yoast_head_json":{"title":"La Parole est au lecteur n\u00b02 - Blog des \u00c9ditions Cl\u00e9","robots":{"index":"index","follow":"follow","max-snippet":"max-snippet:-1","max-image-preview":"max-image-preview:large","max-video-preview":"max-video-preview:-1"},"canonical":"https:\/\/blogs.editionscle.com\/blogcle\/la-parole-est-au-lecteur-2\/","og_locale":"fr_FR","og_type":"article","og_title":"La Parole est au lecteur n\u00b02 - Blog des \u00c9ditions Cl\u00e9","og_description":"Qui es-tu ?Je m&rsquo;appelle Tim Ruffier. Je travaille \u00e0 Strasbourg dans le domaine de l&rsquo;a\u00e9ronautique et, en parall\u00e8le, je me forme gr\u00e2ce aux cours en ligne de l\u2019IBG. J&rsquo;ai aussi la joie d\u2019\u00eatre le coordinateur de la R\u00e9bellution : le blog jeunesse d\u2019Evangile 21 qui veut encourager les jeunes \u00e0 ne pas g\u00e2cher leur jeunesse [&hellip;]","og_url":"https:\/\/blogs.editionscle.com\/blogcle\/la-parole-est-au-lecteur-2\/","og_site_name":"Blog des \u00c9ditions Cl\u00e9","article_publisher":"https:\/\/www.facebook.com\/editionscle","article_published_time":"2023-12-20T11:00:00+00:00","article_modified_time":"2024-01-16T13:10:37+00:00","og_image":[{"width":1080,"height":1080,"url":"https:\/\/blogs.editionscle.com\/blogcle\/wp-content\/uploads\/sites\/2\/2023\/12\/Generation-Smartphone-de-Timothy-Keller-presente-par-Tim-Ruffier-2-1.png","type":"image\/png"}],"author":"\u00c9ditions Cl\u00e9","twitter_card":"summary_large_image","twitter_creator":"@editionscle","twitter_site":"@editionscle","twitter_misc":{"\u00c9crit par":"\u00c9ditions Cl\u00e9","Dur\u00e9e de lecture estim\u00e9e":"3 minutes"},"schema":{"@context":"https:\/\/schema.org","@graph":[{"@type":"Article","@id":"https:\/\/blogs.editionscle.com\/blogcle\/la-parole-est-au-lecteur-2\/#article","isPartOf":{"@id":"https:\/\/blogs.editionscle.com\/blogcle\/la-parole-est-au-lecteur-2\/"},"author":{"name":"\u00c9ditions Cl\u00e9","@id":"https:\/\/blogs.editionscle.com\/blogcle\/#\/schema\/person\/6f614e2cdd8aac468261bff8219ca7a0"},"headline":"La Parole est au lecteur n\u00b02","datePublished":"2023-12-20T11:00:00+00:00","dateModified":"2024-01-16T13:10:37+00:00","mainEntityOfPage":{"@id":"https:\/\/blogs.editionscle.com\/blogcle\/la-parole-est-au-lecteur-2\/"},"wordCount":406,"commentCount":0,"publisher":{"@id":"https:\/\/blogs.editionscle.com\/blogcle\/#organization"},"image":{"@id":"https:\/\/blogs.editionscle.com\/blogcle\/la-parole-est-au-lecteur-2\/#primaryimage"},"thumbnailUrl":"https:\/\/blogs.editionscle.com\/blogcle\/wp-content\/uploads\/sites\/2\/2023\/12\/Generation-Smartphone-de-Timothy-Keller-presente-par-Tim-Ruffier-2-1.png","keywords":["G\u00e9n\u00e9ration smartphone","livre","Tony Reinke"],"articleSection":["Articles","La parole est au lecteur"],"inLanguage":"fr-FR","potentialAction":[{"@type":"CommentAction","name":"Comment","target":["https:\/\/blogs.editionscle.com\/blogcle\/la-parole-est-au-lecteur-2\/#respond"]}]},{"@type":"WebPage","@id":"https:\/\/blogs.editionscle.com\/blogcle\/la-parole-est-au-lecteur-2\/","url":"https:\/\/blogs.editionscle.com\/blogcle\/la-parole-est-au-lecteur-2\/","name":"La Parole est au lecteur n\u00b02 - Blog des \u00c9ditions Cl\u00e9","isPartOf":{"@id":"https:\/\/blogs.editionscle.com\/blogcle\/#website"},"primaryImageOfPage":{"@id":"https:\/\/blogs.editionscle.com\/blogcle\/la-parole-est-au-lecteur-2\/#primaryimage"},"image":{"@id":"https:\/\/blogs.editionscle.com\/blogcle\/la-parole-est-au-lecteur-2\/#primaryimage"},"thumbnailUrl":"https:\/\/blogs.editionscle.com\/blogcle\/wp-content\/uploads\/sites\/2\/2023\/12\/Generation-Smartphone-de-Timothy-Keller-presente-par-Tim-Ruffier-2-1.png","datePublished":"2023-12-20T11:00:00+00:00","dateModified":"2024-01-16T13:10:37+00:00","breadcrumb":{"@id":"https:\/\/blogs.editionscle.com\/blogcle\/la-parole-est-au-lecteur-2\/#breadcrumb"},"inLanguage":"fr-FR","potentialAction":[{"@type":"ReadAction","target":["https:\/\/blogs.editionscle.com\/blogcle\/la-parole-est-au-lecteur-2\/"]}]},{"@type":"ImageObject","inLanguage":"fr-FR","@id":"https:\/\/blogs.editionscle.com\/blogcle\/la-parole-est-au-lecteur-2\/#primaryimage","url":"https:\/\/blogs.editionscle.com\/blogcle\/wp-content\/uploads\/sites\/2\/2023\/12\/Generation-Smartphone-de-Timothy-Keller-presente-par-Tim-Ruffier-2-1.png","contentUrl":"https:\/\/blogs.editionscle.com\/blogcle\/wp-content\/uploads\/sites\/2\/2023\/12\/Generation-Smartphone-de-Timothy-Keller-presente-par-Tim-Ruffier-2-1.png","width":1080,"height":1080},{"@type":"BreadcrumbList","@id":"https:\/\/blogs.editionscle.com\/blogcle\/la-parole-est-au-lecteur-2\/#breadcrumb","itemListElement":[{"@type":"ListItem","position":1,"name":"Accueil","item":"https:\/\/blogs.editionscle.com\/blogcle\/"},{"@type":"ListItem","position":2,"name":"La Parole est au lecteur n\u00b02"}]},{"@type":"WebSite","@id":"https:\/\/blogs.editionscle.com\/blogcle\/#website","url":"https:\/\/blogs.editionscle.com\/blogcle\/","name":"Blog des \u00c9ditions Cl\u00e9","description":"Livres et logiciels pour comprendre la Bible","publisher":{"@id":"https:\/\/blogs.editionscle.com\/blogcle\/#organization"},"potentialAction":[{"@type":"SearchAction","target":{"@type":"EntryPoint","urlTemplate":"https:\/\/blogs.editionscle.com\/blogcle\/?s={search_term_string}"},"query-input":{"@type":"PropertyValueSpecification","valueRequired":true,"valueName":"search_term_string"}}],"inLanguage":"fr-FR"},{"@type":"Organization","@id":"https:\/\/blogs.editionscle.com\/blogcle\/#organization","name":"Editions Cl\u00e9","url":"https:\/\/blogs.editionscle.com\/blogcle\/","logo":{"@type":"ImageObject","inLanguage":"fr-FR","@id":"https:\/\/blogs.editionscle.com\/blogcle\/#\/schema\/logo\/image\/","url":"https:\/\/blogs.editionscle.com\/blogcle\/wp-content\/uploads\/sites\/2\/2018\/03\/Profil_facebookcle.png","contentUrl":"https:\/\/blogs.editionscle.com\/blogcle\/wp-content\/uploads\/sites\/2\/2018\/03\/Profil_facebookcle.png","width":375,"height":375,"caption":"Editions Cl\u00e9"},"image":{"@id":"https:\/\/blogs.editionscle.com\/blogcle\/#\/schema\/logo\/image\/"},"sameAs":["https:\/\/www.facebook.com\/editionscle","https:\/\/x.com\/editionscle","https:\/\/www.youtube.com\/user\/EditionsCle"]},{"@type":"Person","@id":"https:\/\/blogs.editionscle.com\/blogcle\/#\/schema\/person\/6f614e2cdd8aac468261bff8219ca7a0","name":"\u00c9ditions Cl\u00e9","description":"\u00c9ditions Cl\u00e9","sameAs":["https:\/\/editionscle.com"]}]}},"_links":{"self":[{"href":"https:\/\/blogs.editionscle.com\/blogcle\/wp-json\/wp\/v2\/posts\/3041","targetHints":{"allow":["GET"]}}],"collection":[{"href":"https:\/\/blogs.editionscle.com\/blogcle\/wp-json\/wp\/v2\/posts"}],"about":[{"href":"https:\/\/blogs.editionscle.com\/blogcle\/wp-json\/wp\/v2\/types\/post"}],"author":[{"embeddable":true,"href":"https:\/\/blogs.editionscle.com\/blogcle\/wp-json\/wp\/v2\/users\/1"}],"replies":[{"embeddable":true,"href":"https:\/\/blogs.editionscle.com\/blogcle\/wp-json\/wp\/v2\/comments?post=3041"}],"version-history":[{"count":4,"href":"https:\/\/blogs.editionscle.com\/blogcle\/wp-json\/wp\/v2\/posts\/3041\/revisions"}],"predecessor-version":[{"id":3065,"href":"https:\/\/blogs.editionscle.com\/blogcle\/wp-json\/wp\/v2\/posts\/3041\/revisions\/3065"}],"wp:featuredmedia":[{"embeddable":true,"href":"https:\/\/blogs.editionscle.com\/blogcle\/wp-json\/wp\/v2\/media\/3047"}],"wp:attachment":[{"href":"https:\/\/blogs.editionscle.com\/blogcle\/wp-json\/wp\/v2\/media?parent=3041"}],"wp:term":[{"taxonomy":"category","embeddable":true,"href":"https:\/\/blogs.editionscle.com\/blogcle\/wp-json\/wp\/v2\/categories?post=3041"},{"taxonomy":"post_tag","embeddable":true,"href":"https:\/\/blogs.editionscle.com\/blogcle\/wp-json\/wp\/v2\/tags?post=3041"}],"curies":[{"name":"wp","href":"https:\/\/api.w.org\/{rel}","templated":true}]}}