{"id":3096,"date":"2024-03-07T18:32:45","date_gmt":"2024-03-07T17:32:45","guid":{"rendered":"https:\/\/blogs.editionscle.com\/blogcle\/?p=3096"},"modified":"2025-04-28T14:33:56","modified_gmt":"2025-04-28T12:33:56","slug":"lequilibre-extrait-du-livre-conduire-leglise-de-paul-tripp-publie-aux-editions-cle","status":"publish","type":"post","link":"https:\/\/blogs.editionscle.com\/blogcle\/lequilibre-extrait-du-livre-conduire-leglise-de-paul-tripp-publie-aux-editions-cle\/","title":{"rendered":"\u00abL&rsquo;\u00e9quilibre\u00bb extrait du livre \u00ab\u00a0Conduire l&rsquo;\u00c9glise\u00a0\u00bb de Paul Tripp publi\u00e9 aux \u00c9ditions Cl\u00e9"},"content":{"rendered":"\n<figure class=\"wp-block-image size-large\"><img loading=\"lazy\" decoding=\"async\" width=\"1024\" height=\"781\" src=\"https:\/\/blogs.editionscle.com\/blogcle\/wp-content\/uploads\/sites\/2\/2024\/03\/12-principes-schema-1024x781.jpg\" alt=\"\" class=\"wp-image-3097\" srcset=\"https:\/\/blogs.editionscle.com\/blogcle\/wp-content\/uploads\/sites\/2\/2024\/03\/12-principes-schema-1024x781.jpg 1024w, https:\/\/blogs.editionscle.com\/blogcle\/wp-content\/uploads\/sites\/2\/2024\/03\/12-principes-schema-300x229.jpg 300w, https:\/\/blogs.editionscle.com\/blogcle\/wp-content\/uploads\/sites\/2\/2024\/03\/12-principes-schema-768x586.jpg 768w, https:\/\/blogs.editionscle.com\/blogcle\/wp-content\/uploads\/sites\/2\/2024\/03\/12-principes-schema-110x84.jpg 110w, https:\/\/blogs.editionscle.com\/blogcle\/wp-content\/uploads\/sites\/2\/2024\/03\/12-principes-schema-420x320.jpg 420w, https:\/\/blogs.editionscle.com\/blogcle\/wp-content\/uploads\/sites\/2\/2024\/03\/12-principes-schema-564x430.jpg 564w, https:\/\/blogs.editionscle.com\/blogcle\/wp-content\/uploads\/sites\/2\/2024\/03\/12-principes-schema.jpg 1160w\" sizes=\"auto, (max-width: 1024px) 100vw, 1024px\" \/><\/figure>\n\n\n\n<h2 class=\"wp-block-heading\">En quoi consiste l\u2019\u00e9quilibre du c\u0153ur dans la vie d\u2019un responsable&nbsp;?<\/h2>\n\n\n\n<p>Voici le fond du probl\u00e8me. La principale caract\u00e9ristique qu\u2019une \u00c9glise ou un minist\u00e8re devrait exiger de chacun de ses responsables, et qui devrait \u00eatre r\u00e9guli\u00e8rement contr\u00f4l\u00e9e et encourag\u00e9e est un c\u0153ur \u00e9quilibr\u00e9. En quoi consiste un c\u0153ur \u00e9quilibr\u00e9 dans la vie d\u2019un responsable&nbsp;? Voici une liste de suggestions. (Je vais me dispenser, que ce soit ici ou pour le reste du livre, de l\u2019encombrante expression \u00ab&nbsp;il ou elle&nbsp;\u00bb. Que je mette il ou que je mette elle, tous les points s\u2019appliquent aux responsables hommes et femmes.)<\/p>\n\n\n\n<ul class=\"wp-block-list\">\n<li>Son leadership est model\u00e9 par la foi, non par la crainte.<\/li>\n\n\n\n<li>Il dirige par humilit\u00e9 et n\u00e9cessit\u00e9, non par orgueil et par ind\u00e9pendance.<\/li>\n\n\n\n<li>Il est mal \u00e0 l\u2019aise avec un manque d\u2019harmonie entre son personnage dans le minist\u00e8re public et sa conduite en priv\u00e9.<\/li>\n\n\n\n<li>Il est prompt \u00e0 faire gr\u00e2ce, car il sait \u00e0 quel point il a besoin de cette m\u00eame gr\u00e2ce.<\/li>\n\n\n\n<li>Elle n\u2019aime pas le pouvoir et le statut plus qu\u2019elle n\u2019aime Dieu et les personnes qu\u2019elle est appel\u00e9e \u00e0 servir.<\/li>\n\n\n\n<li>Il coordonne les dons des autres plut\u00f4t que de les utiliser \u00e0 son avantage.<\/li>\n\n\n\n<li>Il est aussi enthousiaste et engag\u00e9 dans la conduite priv\u00e9e de sa famille que dans son travail public de leader.<\/li>\n\n\n\n<li>Elle se garde d\u2019\u00eatre sur la d\u00e9fensive, elle est humble, ouverte aux autres et prompte \u00e0 confesser ses p\u00e9ch\u00e9s.<\/li>\n\n\n\n<li>Il ne s\u2019attribue pas les m\u00e9rites de ce qu\u2019il n\u2019aurait jamais pu accomplir seul, sans la souverainet\u00e9 et la gr\u00e2ce de Dieu et sans la collaboration des autres responsables.<\/li>\n\n\n\n<li>Il ne se sert pas de son appel et de son statut pour \u00e9riger son royaume personnel.<\/li>\n\n\n\n<li>Elle se soucie davantage de vivre et de diriger d\u2019une mani\u00e8re qui plaise \u00e0 Dieu que de r\u00e9colter les louanges de ceux qui l\u2019entourent.<\/li>\n\n\n\n<li>Il d\u00e9fend ce qui est juste mais il le fait avec gr\u00e2ce, patience et compr\u00e9hension.<\/li>\n\n\n\n<li>Il ne recherche pas son identit\u00e9 dans son r\u00f4le de responsable mais il s\u2019appuie sur son identit\u00e9 en Christ.<\/li>\n\n\n\n<li>Elle donne aux gens qui l\u2019entourent le sentiment d\u2019\u00eatre aim\u00e9s et soutenus, m\u00eame l\u00e0 o\u00f9 le minist\u00e8re est difficile et o\u00f9 l\u2019\u00e9quipe de leaders semble divis\u00e9e.<\/li>\n\n\n\n<li>Il ne parle jamais de mani\u00e8re n\u00e9gative, en dehors de l\u2019\u00e9quipe des dirigeants, de ceux avec qui il a \u00e9t\u00e9 appel\u00e9 \u00e0 collaborer dans le minist\u00e8re.<\/li>\n\n\n\n<li>Son leadership a des motivations plus pastorales que politique.<\/li>\n\n\n\n<li>Il trouve une plus grande joie dans l\u2019\u00c9vangile que dans la r\u00e9ussite de n\u2019importe quel aspect du minist\u00e8re.<\/li>\n\n\n\n<li>Elle se repose tellement sur le contr\u00f4le sage et aimant de Dieu qu\u2019elle n\u2019a pas besoin d\u2019avoir le contr\u00f4le.<\/li>\n\n\n\n<li>Il g\u00e8re toujours la diversit\u00e9 de mani\u00e8re \u00e0 favoriser l\u2019unit\u00e9.<\/li>\n\n\n\n<li>Il ne m\u00e9prise pas la faiblesse mais craint plut\u00f4t les illusions provenant de l\u2019usage d\u2019une force exerc\u00e9e de mani\u00e8re ind\u00e9pendante.<\/li>\n\n\n\n<li>Il conduit avec un c\u0153ur g\u00e9n\u00e9reux, plus prompt \u00e0 donner et \u00e0 servir qu\u2019\u00e0 exiger et obtenir.<\/li>\n\n\n\n<li>Son leadership est davantage marqu\u00e9 par l\u2019amour que par le pouvoir.<\/li>\n\n\n\n<li>Elle est bienveillante, compr\u00e9hensive, patiente et prompte \u00e0 pardonner.<\/li>\n\n\n\n<li>Il privil\u00e9gie toujours la r\u00e9conciliation et la restauration, quel qu\u2019en soit le co\u00fbt.<\/li>\n\n\n\n<li>Sa vie n\u2019est pas en tension constante entre minist\u00e8re et famille.<\/li>\n\n\n\n<li>Il consid\u00e8re que son corps est un instrument de son appel et, de ce fait, il lui accorde attention et soin.<\/li>\n\n\n\n<li>Il dirige avec un c\u0153ur dont les app\u00e9tits et les d\u00e9sirs sont ma\u00eetris\u00e9s.<\/li>\n\n\n\n<li>Elle ne s\u2019irrite pas du p\u00e9ch\u00e9, de la faiblesse et des \u00e9checs des autres davantage que des siens.<\/li>\n\n\n\n<li>Il ne demande pas aux autres de faire ce qu\u2019il ne veut pas faire.<\/li>\n\n\n\n<li>Les dons, l\u2019exp\u00e9rience et la r\u00e9ussite des autres leaders ne suscitent pas en lui de jalousie ou ne l\u2019intimident pas.<\/li>\n\n\n\n<li>Son leadership public est toujours en lien avec et conduit par une louange personnelle solide et une \u00e9tude m\u00e9ditative.<\/li>\n\n\n\n<li>Elle est aussi attach\u00e9e au repos du sabbat qu\u2019\u00e0 la r\u00e9alisation des objectifs.<\/li>\n\n\n\n<li>Sa saintet\u00e9 personnelle est une plus grande source de motivation pour lui que sa position de leader ou le succ\u00e8s de son minist\u00e8re.<\/li>\n\n\n\n<li>Il ne profite pas des avantages en nature de son leadership \u00e0 des fins personnelles.<\/li>\n\n\n\n<li>Il ne brigue pas le pouvoir mais le c\u00e8de volontiers aux autres.<\/li>\n\n\n\n<li>Elle est davantage connue pour sa joie que pour ses r\u00e9criminations.<\/li>\n\n\n\n<li>Il se soumet de bonne gr\u00e2ce aux directives des autres et analyse leurs opinions avec humilit\u00e9 et gr\u00e2ce.<\/li>\n\n\n\n<li>Il dirige en pasteur attrist\u00e9, toujours afflig\u00e9 par la pr\u00e9sence destructrice du p\u00e9ch\u00e9, tout en c\u00e9l\u00e9brant la puissance de la gr\u00e2ce r\u00e9demptrice.<\/li>\n\n\n\n<li>Son leadership t\u00e9moigne davantage de son d\u00e9sir d\u2019adorer Dieu que d\u2019obtenir de l\u2019avancement professionnel.<\/li>\n\n\n\n<li>Il aime plus J\u00e9sus qu\u2019il ne s\u2019aime lui-m\u00eame.<\/li>\n\n\n\n<li>Elle aime plus l\u2019\u00c9glise qu\u2019elle ne s\u2019aime elle-m\u00eame.<\/li>\n\n\n\n<li>Il renonce \u00e0 des choses pr\u00e9cieuses par amour pour les autres responsables et pour ceux qu\u2019ils ont \u00e9t\u00e9 appel\u00e9s \u00e0 conduire ensemble.<\/li>\n\n\n\n<li>Ses enfants n\u2019ont pas le sentiment que le minist\u00e8re leur a vol\u00e9 leur papa.<\/li>\n\n\n\n<li>Il souhaite ardemment que l\u2019\u00c9vangile transforme les tr\u00e9fonds de son c\u0153ur et il accueille favorablement les outils de transformation spirituels que Dieu a plac\u00e9s dans sa vie.<\/li>\n\n\n\n<li>Il dirige avec l\u2019\u00e9tat d\u2019esprit d\u2019un ambassadeur et jamais avec celui d\u2019un roi.<\/li>\n\n\n\n<li>Quand il a tort ou qu\u2019il s\u2019est tromp\u00e9, il se soumet volontairement \u00e0 la confrontation aimante et \u00e0 la discipline divine.<\/li>\n\n\n\n<li>Il assume ses erreurs et ne d\u00e9fend jamais l\u2019ind\u00e9fendable.<\/li>\n\n\n\n<li>Son minist\u00e8re est model\u00e9 par les promesses de l\u2019\u00c9vangile et non par les \u00ab&nbsp;et si&nbsp;\u00bb d\u2019un c\u0153ur anxieux.<\/li>\n\n\n\n<li>Tout ce qu\u2019il fait dans son minist\u00e8re l\u2019est pour la gloire d\u2019un autre.<\/li>\n<\/ul>\n\n\n\n<p>Je ne sais pas pour vous, mais cette liste me tue&nbsp;! Elle me rappelle, une fois de plus, que mon c\u0153ur est souvent en d\u00e9s\u00e9quilibre. Elle me pr\u00eache, encore et encore, que tout ce que je fais dans mon minist\u00e8re n\u2019est pas le r\u00e9sultat de ma soumission \u00e0 la seigneurie de J\u00e9sus-Christ, au d\u00e9sir de rendre gloire \u00e0 Dieu et de me confier en lui, en ses promesses, en sa puissance et en sa gr\u00e2ce. D\u2019autres seigneurs combattent dans mon c\u0153ur et d\u00e9fient le poids que seul Dieu devrait avoir dans mes pens\u00e9es, mes d\u00e9sirs, mes choix et mes actes. Les gens et les choses ne prennent leur place ad\u00e9quate dans mes pens\u00e9es, mes d\u00e9sirs et mes actes que lorsque Dieu est \u00e0 la bonne place dans mon c\u0153ur. Vous, les responsables, vous \u00eates comme moi. Ce n\u2019est pas une chose \u00e0 laquelle nous devrions avoir r\u00e9fl\u00e9chi une fois pour toutes au d\u00e9but de notre minist\u00e8re ou de notre vie de responsable. Non, il s\u2019agit d\u2019une lutte permanente qui doit r\u00e9guli\u00e8rement faire partie de nos \u00e9changes au sein de nos \u00e9quipes de responsables. Nous avons tous vu des leaders respect\u00e9s et qui ont \u00e9t\u00e9 nos partenaires d\u00e9river vers le d\u00e9s\u00e9quilibre et faire des choses, dans leur minist\u00e8re ou leur vie priv\u00e9e, qui nous ont choqu\u00e9s et attrist\u00e9s. Nous avons \u00e9t\u00e9 t\u00e9moins de mat\u00e9rialisme choquant, d\u2019abus d\u2019autorit\u00e9, de mauvais usage de l\u2019argent de Dieu, d\u2019amour du pouvoir et du statut, de l\u2019utilisation des dons, du pouvoir et du statut pour s\u00e9duire et tromper les autres, de la dissimulation des torts, de l\u2019\u00e9mergence de cultes de la personnalit\u00e9, de mariages bris\u00e9s, d\u2019enfants en col\u00e8re, de collaborateurs humili\u00e9s, de refus de se soumettre au conseil, \u00e0 la confrontation et \u00e0 une discipline aimante, de l\u2019utilisation de la connaissance th\u00e9ologique et biblique pour d\u00e9fendre ce qui ne devrait pas l\u2019\u00eatre, etc.<\/p>\n\n\n\n<p>Mais nous ne devrions peut-\u00eatre pas \u00eatre choqu\u00e9s. La guerre de l\u2019\u00e9quilibre fait toujours rage dans notre c\u0153ur. Si elle n\u2019est pas admise par nos \u00e9quipes de leaders et si elle ne fait pas partie des mesures d\u2019\u00e9valuation et de protection que nous prenons r\u00e9guli\u00e8rement les uns envers les autres, je crains qu\u2019il n\u2019y ait davantage de victimes \u00e0 l\u2019avenir. Il ne s\u2019agit pas d\u2019essayer d\u2019\u00eatre le Saint-Esprit dans la vie des autres responsables. Il ne s\u2019agit pas de cycles d\u2019introspection morbide, d\u00e9primante et \u00e9puisante. Il ne s\u2019agit pas de remplacer l\u2019esprit de gr\u00e2ce par le jugement et la critique. Il s\u2019agit, cependant, d\u2019admettre humblement qu\u2019entre le \u00ab&nbsp;d\u00e9j\u00e0&nbsp;\u00bb et le \u00ab&nbsp;pas encore&nbsp;\u00bb, nous sommes un minist\u00e8re inachev\u00e9 dans un monde bris\u00e9. La tentation nous assi\u00e8ge et notre c\u0153ur comporte encore des zones vuln\u00e9rables. Nous sommes toujours capables de d\u00e9sirer ce que nous ne devrions pas. Nous sommes toujours tent\u00e9s de c\u00e9der l\u00e0 o\u00f9 nous devrions r\u00e9sister. M\u00eame dans le leadership du minist\u00e8re de l\u2019\u00c9vangile, nous pouvons tous \u00eatre imbus de nous-m\u00eames et oublier Dieu. Il y a des domaines o\u00f9 m\u00eame le p\u00e9ch\u00e9 gagne du terrain et o\u00f9 le pardon est une lutte acharn\u00e9e. Il y a des moments o\u00f9 r\u00e9sister \u00e0 notre Seigneur nous importe plus que sa satisfaction. Il y a encore des moments o\u00f9 la peur momentan\u00e9e l\u2019emporte sur notre esp\u00e9rance dans l\u2019\u00c9vangile.<\/p>\n\n\n\n<p>Pourtant, face \u00e0 notre lutte, la gr\u00e2ce nous lib\u00e8re du fardeau de nier l\u2019existence de cette lutte&nbsp;; la gr\u00e2ce nous lib\u00e8re de la d\u00e9marche \u00e9puisante de faire comme si nous \u00e9tions ce que nous ne sommes pas, d\u2019avoir peur de regarder l\u00e0 o\u00f9 le poids s\u2019est d\u00e9plac\u00e9 et o\u00f9, au niveau le plus basique, nous sommes gouvern\u00e9s par ce qui ne devrait pas nous gouverner. La pr\u00e9sence ici et maintenant de la gr\u00e2ce de Dieu nous invite \u00e0 \u00eatre humblement r\u00e9ceptifs, honn\u00eates avec nous-m\u00eames et avec les autres, pr\u00eats \u00e0 accepter ce qui est difficile \u00e0 admettre, pr\u00eats \u00e0 confesser nos fautes et \u00e0 pardonner et pr\u00eats \u00e0 traverser des moments de tension et de g\u00eane dans un d\u00e9sir d\u2019aimer, de prot\u00e9ger et de sauver les autres. La gr\u00e2ce permet \u00e0 une \u00e9quipe de leaders de fonctionner comme une communaut\u00e9 solide qui se conforme \u00e0 l\u2019\u00c9vangile o\u00f9 la candeur, le soutien et l\u2019amour protecteur sont la norme.<\/p>\n\n\n\n<h2 class=\"wp-block-heading\">Les indices d\u2019un c\u0153ur d\u00e9s\u00e9quilibr\u00e9<\/h2>\n\n\n\n<p>Si la sant\u00e9 spirituelle et la r\u00e9ussite sur le long terme de votre \u00e9quipe de responsables vous pr\u00e9occupent, vous porterez attention aux signes qui pourraient indiquer que, dans sa vie, le c\u0153ur d\u2019un responsable est d\u00e9s\u00e9quilibr\u00e9. Mon but ici n\u2019est pas d\u2019inventorier chacun de ces signes, puisqu\u2019ils sont tous assez explicites, mais plut\u00f4t de vous les proposer comme une aide \u00e0 l\u2019attention spirituelle mutuelle qui devrait \u00eatre la t\u00e2che r\u00e9guli\u00e8re et joyeuse de toute \u00e9quipe de responsables de minist\u00e8re. Et je vous rappellerai, une fois encore, que nous le faisons gr\u00e2ce \u00e0 une solide confiance dans la puissance de l\u2019\u00c9vangile qui nous sauve, nous pardonne, nous transforme, nous \u00e9quipe et nous d\u00e9livre, et gr\u00e2ce \u00e0 un c\u0153ur rempli d\u2019amour sacrificiel pour celles et ceux que Dieu nous a appel\u00e9s \u00e0 conduire. Il ne s\u2019agit pas d\u2019une liste exhaustive, mais d\u2019un \u00e9chantillon de domaines \u00e0 examiner avec amour lorsque vous vous engagez en tant que leaders \u00e0 veiller mutuellement les uns sur les autres&nbsp;:<\/p>\n\n\n\n<ul class=\"wp-block-list\">\n<li>Probl\u00e8mes conjugaux et familiaux<\/li>\n\n\n\n<li>Addiction au travail<\/li>\n\n\n\n<li>Manque d\u2019engagement dans une vie de pi\u00e9t\u00e9 r\u00e9guli\u00e8re<\/li>\n\n\n\n<li>Absence de respect r\u00e9gulier des repos du sabbat<\/li>\n\n\n\n<li>Relations malsaines avec le minist\u00e8re ou avec les leaders<\/li>\n\n\n\n<li>Absence de lien r\u00e9gulier et significatif avec la communaut\u00e9 et le minist\u00e8re mutuel du corps du Christ<\/li>\n\n\n\n<li>Dettes<\/li>\n\n\n\n<li>Mauvaise communication<\/li>\n\n\n\n<li>Col\u00e8re<\/li>\n\n\n\n<li>D\u00e9couragement, d\u00e9pression et \u00e9puisement<\/li>\n\n\n\n<li>Sant\u00e9 physique d\u00e9faillante<\/li>\n\n\n\n<li>R\u00e9sistance \u00e0 la critique aimante et \u00e0 l\u2019attention spirituelle<\/li>\n\n\n\n<li>Comportement dominateur ou dirigiste<\/li>\n\n\n\n<li>Absence de r\u00e9conciliation<\/li>\n<\/ul>\n\n\n\n<p>Oui, le monde et tout ce qu\u2019il contient vivaient autrefois en parfait \u00e9quilibre. Tout y \u00e9tait \u00e0 sa place, du plus haut des cieux aux tr\u00e9fonds du c\u0153ur humain. Malheureusement, le p\u00e9ch\u00e9 a bris\u00e9 le splendide \u00e9quilibre de paix et depuis, l\u2019\u00e9quilibre est un combat. J\u00e9sus, dont le c\u0153ur \u00e9tait \u00e9quilibr\u00e9 en tous points, est venu pour vivre la vie que le p\u00e9ch\u00e9 nous emp\u00eache d\u2019avoir, pour mourir de la fa\u00e7on dont nous le m\u00e9ritons et pour ressusciter en Roi Sauveur, afin que l\u2019\u00e9quilibre retrouve sa place en nos c\u0153urs. Son premier acte de restauration a \u00e9t\u00e9 de nous ramener \u00e0 Dieu, car c\u2019est seulement quand Dieu a la place qui lui revient dans notre c\u0153ur que tout le reste est correctement pond\u00e9r\u00e9. Par son Esprit, il travaille maintenant \u00e0 r\u00e9tablir l\u2019\u00e9quilibre dans notre c\u0153ur, \u00e0 tous \u00e9gards et dans toutes les situations. Parce que ce travail est inachev\u00e9, l\u2019\u00e9quilibre continue d\u2019\u00eatre un probl\u00e8me dans la mani\u00e8re dont une \u00e9quipe de leaders aime et prot\u00e8ge ses membres. Mais nous pers\u00e9v\u00e9rons avec confiance et espoir, car nous savons que non seulement nos efforts ne seront pas vains, mais aussi que notre Seigneur se bat pour nous, m\u00eame lorsque nous ne parvenons pas \u00e0 le faire pour nous-m\u00eames et les uns pour les autres.<\/p>\n\n\n\n<hr class=\"wp-block-separator has-alpha-channel-opacity\"\/>\n\n\n\n<p class=\"has-small-font-size\">Texte copyright Editions Cl\u00e9 et Crossway. Reproduction interdite.<\/p>\n\n\n\n<div class=\"wp-block-media-text is-stacked-on-mobile\" style=\"grid-template-columns:37% auto\"><figure class=\"wp-block-media-text__media\"><img loading=\"lazy\" decoding=\"async\" width=\"698\" height=\"1012\" src=\"https:\/\/blogs.editionscle.com\/blogcle\/wp-content\/uploads\/sites\/2\/2024\/03\/0165.ip_.jpg\" alt=\"\" class=\"wp-image-3099 size-full\" srcset=\"https:\/\/blogs.editionscle.com\/blogcle\/wp-content\/uploads\/sites\/2\/2024\/03\/0165.ip_.jpg 698w, https:\/\/blogs.editionscle.com\/blogcle\/wp-content\/uploads\/sites\/2\/2024\/03\/0165.ip_-207x300.jpg 207w, https:\/\/blogs.editionscle.com\/blogcle\/wp-content\/uploads\/sites\/2\/2024\/03\/0165.ip_-76x110.jpg 76w, https:\/\/blogs.editionscle.com\/blogcle\/wp-content\/uploads\/sites\/2\/2024\/03\/0165.ip_-290x420.jpg 290w, https:\/\/blogs.editionscle.com\/blogcle\/wp-content\/uploads\/sites\/2\/2024\/03\/0165.ip_-297x430.jpg 297w\" sizes=\"auto, (max-width: 698px) 100vw, 698px\" \/><\/figure><div class=\"wp-block-media-text__content\">\n<p>D\u00e9couvrez <strong><em>Conduire l&rsquo;\u00c9glise<\/em><\/strong> le livre de <a href=\"https:\/\/editionscle.com\/548-paul-david-tripp\">Paul Tripp<\/a> dans notre <a href=\"https:\/\/editionscle.com\/%C3%A0-para%C3%AEtre\/362-conduire-l-%C3%A9glise-9782358431651.html\">boutique<\/a>.<\/p>\n<\/div><\/div>\n","protected":false},"excerpt":{"rendered":"<p>En quoi consiste l\u2019\u00e9quilibre du c\u0153ur dans la vie d\u2019un responsable&nbsp;? Voici le fond du probl\u00e8me. La principale caract\u00e9ristique qu\u2019une \u00c9glise ou un minist\u00e8re devrait exiger de chacun de ses responsables, et qui devrait \u00eatre r\u00e9guli\u00e8rement contr\u00f4l\u00e9e et encourag\u00e9e est un c\u0153ur \u00e9quilibr\u00e9. En quoi consiste un c\u0153ur \u00e9quilibr\u00e9 dans la vie d\u2019un responsable&nbsp;? Voici [&hellip;]<\/p>\n","protected":false},"author":1,"featured_media":3097,"comment_status":"open","ping_status":"open","sticky":false,"template":"","format":"standard","meta":{"footnotes":""},"categories":[72,68],"tags":[197,198],"class_list":["post-3096","post","type-post","status-publish","format-standard","has-post-thumbnail","hentry","category-articles","category-extrait","tag-conduire-leglise","tag-paul-david-tripp"],"yoast_head":"<!-- This site is optimized with the Yoast SEO plugin v27.5 - https:\/\/yoast.com\/product\/yoast-seo-wordpress\/ -->\n<title>\u00abL&#039;\u00e9quilibre\u00bb extrait du livre \u00ab\u00a0Conduire l&#039;\u00c9glise\u00a0\u00bb de Paul Tripp publi\u00e9 aux \u00c9ditions Cl\u00e9 - Blog des \u00c9ditions Cl\u00e9<\/title>\n<meta name=\"robots\" content=\"index, follow, max-snippet:-1, max-image-preview:large, max-video-preview:-1\" \/>\n<link rel=\"canonical\" href=\"https:\/\/blogs.editionscle.com\/blogcle\/lequilibre-extrait-du-livre-conduire-leglise-de-paul-tripp-publie-aux-editions-cle\/\" \/>\n<meta property=\"og:locale\" content=\"fr_FR\" \/>\n<meta property=\"og:type\" content=\"article\" \/>\n<meta property=\"og:title\" content=\"\u00abL&#039;\u00e9quilibre\u00bb extrait du livre \u00ab\u00a0Conduire l&#039;\u00c9glise\u00a0\u00bb de Paul Tripp publi\u00e9 aux \u00c9ditions Cl\u00e9 - Blog des \u00c9ditions Cl\u00e9\" \/>\n<meta property=\"og:description\" content=\"En quoi consiste l\u2019\u00e9quilibre du c\u0153ur dans la vie d\u2019un responsable&nbsp;? Voici le fond du probl\u00e8me. La principale caract\u00e9ristique qu\u2019une \u00c9glise ou un minist\u00e8re devrait exiger de chacun de ses responsables, et qui devrait \u00eatre r\u00e9guli\u00e8rement contr\u00f4l\u00e9e et encourag\u00e9e est un c\u0153ur \u00e9quilibr\u00e9. En quoi consiste un c\u0153ur \u00e9quilibr\u00e9 dans la vie d\u2019un responsable&nbsp;? Voici [&hellip;]\" \/>\n<meta property=\"og:url\" content=\"https:\/\/blogs.editionscle.com\/blogcle\/lequilibre-extrait-du-livre-conduire-leglise-de-paul-tripp-publie-aux-editions-cle\/\" \/>\n<meta property=\"og:site_name\" content=\"Blog des \u00c9ditions Cl\u00e9\" \/>\n<meta property=\"article:publisher\" content=\"https:\/\/www.facebook.com\/editionscle\" \/>\n<meta property=\"article:published_time\" content=\"2024-03-07T17:32:45+00:00\" \/>\n<meta property=\"article:modified_time\" content=\"2025-04-28T12:33:56+00:00\" \/>\n<meta property=\"og:image\" content=\"https:\/\/blogs.editionscle.com\/blogcle\/wp-content\/uploads\/sites\/2\/2024\/03\/12-principes-schema.jpg\" \/>\n\t<meta property=\"og:image:width\" content=\"1160\" \/>\n\t<meta property=\"og:image:height\" content=\"885\" \/>\n\t<meta property=\"og:image:type\" content=\"image\/jpeg\" \/>\n<meta name=\"author\" content=\"\u00c9ditions Cl\u00e9\" \/>\n<meta name=\"twitter:card\" content=\"summary_large_image\" \/>\n<meta name=\"twitter:creator\" content=\"@editionscle\" \/>\n<meta name=\"twitter:site\" content=\"@editionscle\" \/>\n<meta name=\"twitter:label1\" content=\"\u00c9crit par\" \/>\n\t<meta name=\"twitter:data1\" content=\"\u00c9ditions Cl\u00e9\" \/>\n\t<meta name=\"twitter:label2\" content=\"Dur\u00e9e de lecture estim\u00e9e\" \/>\n\t<meta name=\"twitter:data2\" content=\"12 minutes\" \/>\n<script type=\"application\/ld+json\" class=\"yoast-schema-graph\">{\"@context\":\"https:\\\/\\\/schema.org\",\"@graph\":[{\"@type\":\"Article\",\"@id\":\"https:\\\/\\\/blogs.editionscle.com\\\/blogcle\\\/lequilibre-extrait-du-livre-conduire-leglise-de-paul-tripp-publie-aux-editions-cle\\\/#article\",\"isPartOf\":{\"@id\":\"https:\\\/\\\/blogs.editionscle.com\\\/blogcle\\\/lequilibre-extrait-du-livre-conduire-leglise-de-paul-tripp-publie-aux-editions-cle\\\/\"},\"author\":{\"name\":\"\u00c9ditions Cl\u00e9\",\"@id\":\"https:\\\/\\\/blogs.editionscle.com\\\/blogcle\\\/#\\\/schema\\\/person\\\/6f614e2cdd8aac468261bff8219ca7a0\"},\"headline\":\"\u00abL&rsquo;\u00e9quilibre\u00bb extrait du livre \u00ab\u00a0Conduire l&rsquo;\u00c9glise\u00a0\u00bb de Paul Tripp publi\u00e9 aux \u00c9ditions Cl\u00e9\",\"datePublished\":\"2024-03-07T17:32:45+00:00\",\"dateModified\":\"2025-04-28T12:33:56+00:00\",\"mainEntityOfPage\":{\"@id\":\"https:\\\/\\\/blogs.editionscle.com\\\/blogcle\\\/lequilibre-extrait-du-livre-conduire-leglise-de-paul-tripp-publie-aux-editions-cle\\\/\"},\"wordCount\":2414,\"commentCount\":0,\"publisher\":{\"@id\":\"https:\\\/\\\/blogs.editionscle.com\\\/blogcle\\\/#organization\"},\"image\":{\"@id\":\"https:\\\/\\\/blogs.editionscle.com\\\/blogcle\\\/lequilibre-extrait-du-livre-conduire-leglise-de-paul-tripp-publie-aux-editions-cle\\\/#primaryimage\"},\"thumbnailUrl\":\"https:\\\/\\\/blogs.editionscle.com\\\/blogcle\\\/wp-content\\\/uploads\\\/sites\\\/2\\\/2024\\\/03\\\/12-principes-schema.jpg\",\"keywords\":[\"Conduire l'\u00c9glise\",\"Paul David Tripp\"],\"articleSection\":[\"Articles\",\"Extrait\"],\"inLanguage\":\"fr-FR\",\"potentialAction\":[{\"@type\":\"CommentAction\",\"name\":\"Comment\",\"target\":[\"https:\\\/\\\/blogs.editionscle.com\\\/blogcle\\\/lequilibre-extrait-du-livre-conduire-leglise-de-paul-tripp-publie-aux-editions-cle\\\/#respond\"]}]},{\"@type\":\"WebPage\",\"@id\":\"https:\\\/\\\/blogs.editionscle.com\\\/blogcle\\\/lequilibre-extrait-du-livre-conduire-leglise-de-paul-tripp-publie-aux-editions-cle\\\/\",\"url\":\"https:\\\/\\\/blogs.editionscle.com\\\/blogcle\\\/lequilibre-extrait-du-livre-conduire-leglise-de-paul-tripp-publie-aux-editions-cle\\\/\",\"name\":\"\u00abL'\u00e9quilibre\u00bb extrait du livre \u00ab\u00a0Conduire l'\u00c9glise\u00a0\u00bb de Paul Tripp publi\u00e9 aux \u00c9ditions Cl\u00e9 - Blog des \u00c9ditions Cl\u00e9\",\"isPartOf\":{\"@id\":\"https:\\\/\\\/blogs.editionscle.com\\\/blogcle\\\/#website\"},\"primaryImageOfPage\":{\"@id\":\"https:\\\/\\\/blogs.editionscle.com\\\/blogcle\\\/lequilibre-extrait-du-livre-conduire-leglise-de-paul-tripp-publie-aux-editions-cle\\\/#primaryimage\"},\"image\":{\"@id\":\"https:\\\/\\\/blogs.editionscle.com\\\/blogcle\\\/lequilibre-extrait-du-livre-conduire-leglise-de-paul-tripp-publie-aux-editions-cle\\\/#primaryimage\"},\"thumbnailUrl\":\"https:\\\/\\\/blogs.editionscle.com\\\/blogcle\\\/wp-content\\\/uploads\\\/sites\\\/2\\\/2024\\\/03\\\/12-principes-schema.jpg\",\"datePublished\":\"2024-03-07T17:32:45+00:00\",\"dateModified\":\"2025-04-28T12:33:56+00:00\",\"breadcrumb\":{\"@id\":\"https:\\\/\\\/blogs.editionscle.com\\\/blogcle\\\/lequilibre-extrait-du-livre-conduire-leglise-de-paul-tripp-publie-aux-editions-cle\\\/#breadcrumb\"},\"inLanguage\":\"fr-FR\",\"potentialAction\":[{\"@type\":\"ReadAction\",\"target\":[\"https:\\\/\\\/blogs.editionscle.com\\\/blogcle\\\/lequilibre-extrait-du-livre-conduire-leglise-de-paul-tripp-publie-aux-editions-cle\\\/\"]}]},{\"@type\":\"ImageObject\",\"inLanguage\":\"fr-FR\",\"@id\":\"https:\\\/\\\/blogs.editionscle.com\\\/blogcle\\\/lequilibre-extrait-du-livre-conduire-leglise-de-paul-tripp-publie-aux-editions-cle\\\/#primaryimage\",\"url\":\"https:\\\/\\\/blogs.editionscle.com\\\/blogcle\\\/wp-content\\\/uploads\\\/sites\\\/2\\\/2024\\\/03\\\/12-principes-schema.jpg\",\"contentUrl\":\"https:\\\/\\\/blogs.editionscle.com\\\/blogcle\\\/wp-content\\\/uploads\\\/sites\\\/2\\\/2024\\\/03\\\/12-principes-schema.jpg\",\"width\":1160,\"height\":885},{\"@type\":\"BreadcrumbList\",\"@id\":\"https:\\\/\\\/blogs.editionscle.com\\\/blogcle\\\/lequilibre-extrait-du-livre-conduire-leglise-de-paul-tripp-publie-aux-editions-cle\\\/#breadcrumb\",\"itemListElement\":[{\"@type\":\"ListItem\",\"position\":1,\"name\":\"Accueil\",\"item\":\"https:\\\/\\\/blogs.editionscle.com\\\/blogcle\\\/\"},{\"@type\":\"ListItem\",\"position\":2,\"name\":\"\u00abL&rsquo;\u00e9quilibre\u00bb extrait du livre \u00ab\u00a0Conduire l&rsquo;\u00c9glise\u00a0\u00bb de Paul Tripp publi\u00e9 aux \u00c9ditions Cl\u00e9\"}]},{\"@type\":\"WebSite\",\"@id\":\"https:\\\/\\\/blogs.editionscle.com\\\/blogcle\\\/#website\",\"url\":\"https:\\\/\\\/blogs.editionscle.com\\\/blogcle\\\/\",\"name\":\"Blog des \u00c9ditions Cl\u00e9\",\"description\":\"Livres et logiciels pour comprendre la Bible\",\"publisher\":{\"@id\":\"https:\\\/\\\/blogs.editionscle.com\\\/blogcle\\\/#organization\"},\"potentialAction\":[{\"@type\":\"SearchAction\",\"target\":{\"@type\":\"EntryPoint\",\"urlTemplate\":\"https:\\\/\\\/blogs.editionscle.com\\\/blogcle\\\/?s={search_term_string}\"},\"query-input\":{\"@type\":\"PropertyValueSpecification\",\"valueRequired\":true,\"valueName\":\"search_term_string\"}}],\"inLanguage\":\"fr-FR\"},{\"@type\":\"Organization\",\"@id\":\"https:\\\/\\\/blogs.editionscle.com\\\/blogcle\\\/#organization\",\"name\":\"Editions Cl\u00e9\",\"url\":\"https:\\\/\\\/blogs.editionscle.com\\\/blogcle\\\/\",\"logo\":{\"@type\":\"ImageObject\",\"inLanguage\":\"fr-FR\",\"@id\":\"https:\\\/\\\/blogs.editionscle.com\\\/blogcle\\\/#\\\/schema\\\/logo\\\/image\\\/\",\"url\":\"https:\\\/\\\/blogs.editionscle.com\\\/blogcle\\\/wp-content\\\/uploads\\\/sites\\\/2\\\/2018\\\/03\\\/Profil_facebookcle.png\",\"contentUrl\":\"https:\\\/\\\/blogs.editionscle.com\\\/blogcle\\\/wp-content\\\/uploads\\\/sites\\\/2\\\/2018\\\/03\\\/Profil_facebookcle.png\",\"width\":375,\"height\":375,\"caption\":\"Editions Cl\u00e9\"},\"image\":{\"@id\":\"https:\\\/\\\/blogs.editionscle.com\\\/blogcle\\\/#\\\/schema\\\/logo\\\/image\\\/\"},\"sameAs\":[\"https:\\\/\\\/www.facebook.com\\\/editionscle\",\"https:\\\/\\\/x.com\\\/editionscle\",\"https:\\\/\\\/www.youtube.com\\\/user\\\/EditionsCle\"]},{\"@type\":\"Person\",\"@id\":\"https:\\\/\\\/blogs.editionscle.com\\\/blogcle\\\/#\\\/schema\\\/person\\\/6f614e2cdd8aac468261bff8219ca7a0\",\"name\":\"\u00c9ditions Cl\u00e9\",\"description\":\"\u00c9ditions Cl\u00e9\",\"sameAs\":[\"https:\\\/\\\/editionscle.com\"]}]}<\/script>\n<!-- \/ Yoast SEO plugin. -->","yoast_head_json":{"title":"\u00abL'\u00e9quilibre\u00bb extrait du livre \u00ab\u00a0Conduire l'\u00c9glise\u00a0\u00bb de Paul Tripp publi\u00e9 aux \u00c9ditions Cl\u00e9 - Blog des \u00c9ditions Cl\u00e9","robots":{"index":"index","follow":"follow","max-snippet":"max-snippet:-1","max-image-preview":"max-image-preview:large","max-video-preview":"max-video-preview:-1"},"canonical":"https:\/\/blogs.editionscle.com\/blogcle\/lequilibre-extrait-du-livre-conduire-leglise-de-paul-tripp-publie-aux-editions-cle\/","og_locale":"fr_FR","og_type":"article","og_title":"\u00abL'\u00e9quilibre\u00bb extrait du livre \u00ab\u00a0Conduire l'\u00c9glise\u00a0\u00bb de Paul Tripp publi\u00e9 aux \u00c9ditions Cl\u00e9 - Blog des \u00c9ditions Cl\u00e9","og_description":"En quoi consiste l\u2019\u00e9quilibre du c\u0153ur dans la vie d\u2019un responsable&nbsp;? Voici le fond du probl\u00e8me. La principale caract\u00e9ristique qu\u2019une \u00c9glise ou un minist\u00e8re devrait exiger de chacun de ses responsables, et qui devrait \u00eatre r\u00e9guli\u00e8rement contr\u00f4l\u00e9e et encourag\u00e9e est un c\u0153ur \u00e9quilibr\u00e9. En quoi consiste un c\u0153ur \u00e9quilibr\u00e9 dans la vie d\u2019un responsable&nbsp;? Voici [&hellip;]","og_url":"https:\/\/blogs.editionscle.com\/blogcle\/lequilibre-extrait-du-livre-conduire-leglise-de-paul-tripp-publie-aux-editions-cle\/","og_site_name":"Blog des \u00c9ditions Cl\u00e9","article_publisher":"https:\/\/www.facebook.com\/editionscle","article_published_time":"2024-03-07T17:32:45+00:00","article_modified_time":"2025-04-28T12:33:56+00:00","og_image":[{"width":1160,"height":885,"url":"https:\/\/blogs.editionscle.com\/blogcle\/wp-content\/uploads\/sites\/2\/2024\/03\/12-principes-schema.jpg","type":"image\/jpeg"}],"author":"\u00c9ditions Cl\u00e9","twitter_card":"summary_large_image","twitter_creator":"@editionscle","twitter_site":"@editionscle","twitter_misc":{"\u00c9crit par":"\u00c9ditions Cl\u00e9","Dur\u00e9e de lecture estim\u00e9e":"12 minutes"},"schema":{"@context":"https:\/\/schema.org","@graph":[{"@type":"Article","@id":"https:\/\/blogs.editionscle.com\/blogcle\/lequilibre-extrait-du-livre-conduire-leglise-de-paul-tripp-publie-aux-editions-cle\/#article","isPartOf":{"@id":"https:\/\/blogs.editionscle.com\/blogcle\/lequilibre-extrait-du-livre-conduire-leglise-de-paul-tripp-publie-aux-editions-cle\/"},"author":{"name":"\u00c9ditions Cl\u00e9","@id":"https:\/\/blogs.editionscle.com\/blogcle\/#\/schema\/person\/6f614e2cdd8aac468261bff8219ca7a0"},"headline":"\u00abL&rsquo;\u00e9quilibre\u00bb extrait du livre \u00ab\u00a0Conduire l&rsquo;\u00c9glise\u00a0\u00bb de Paul Tripp publi\u00e9 aux \u00c9ditions Cl\u00e9","datePublished":"2024-03-07T17:32:45+00:00","dateModified":"2025-04-28T12:33:56+00:00","mainEntityOfPage":{"@id":"https:\/\/blogs.editionscle.com\/blogcle\/lequilibre-extrait-du-livre-conduire-leglise-de-paul-tripp-publie-aux-editions-cle\/"},"wordCount":2414,"commentCount":0,"publisher":{"@id":"https:\/\/blogs.editionscle.com\/blogcle\/#organization"},"image":{"@id":"https:\/\/blogs.editionscle.com\/blogcle\/lequilibre-extrait-du-livre-conduire-leglise-de-paul-tripp-publie-aux-editions-cle\/#primaryimage"},"thumbnailUrl":"https:\/\/blogs.editionscle.com\/blogcle\/wp-content\/uploads\/sites\/2\/2024\/03\/12-principes-schema.jpg","keywords":["Conduire l'\u00c9glise","Paul David Tripp"],"articleSection":["Articles","Extrait"],"inLanguage":"fr-FR","potentialAction":[{"@type":"CommentAction","name":"Comment","target":["https:\/\/blogs.editionscle.com\/blogcle\/lequilibre-extrait-du-livre-conduire-leglise-de-paul-tripp-publie-aux-editions-cle\/#respond"]}]},{"@type":"WebPage","@id":"https:\/\/blogs.editionscle.com\/blogcle\/lequilibre-extrait-du-livre-conduire-leglise-de-paul-tripp-publie-aux-editions-cle\/","url":"https:\/\/blogs.editionscle.com\/blogcle\/lequilibre-extrait-du-livre-conduire-leglise-de-paul-tripp-publie-aux-editions-cle\/","name":"\u00abL'\u00e9quilibre\u00bb extrait du livre \u00ab\u00a0Conduire l'\u00c9glise\u00a0\u00bb de Paul Tripp publi\u00e9 aux \u00c9ditions Cl\u00e9 - Blog des \u00c9ditions Cl\u00e9","isPartOf":{"@id":"https:\/\/blogs.editionscle.com\/blogcle\/#website"},"primaryImageOfPage":{"@id":"https:\/\/blogs.editionscle.com\/blogcle\/lequilibre-extrait-du-livre-conduire-leglise-de-paul-tripp-publie-aux-editions-cle\/#primaryimage"},"image":{"@id":"https:\/\/blogs.editionscle.com\/blogcle\/lequilibre-extrait-du-livre-conduire-leglise-de-paul-tripp-publie-aux-editions-cle\/#primaryimage"},"thumbnailUrl":"https:\/\/blogs.editionscle.com\/blogcle\/wp-content\/uploads\/sites\/2\/2024\/03\/12-principes-schema.jpg","datePublished":"2024-03-07T17:32:45+00:00","dateModified":"2025-04-28T12:33:56+00:00","breadcrumb":{"@id":"https:\/\/blogs.editionscle.com\/blogcle\/lequilibre-extrait-du-livre-conduire-leglise-de-paul-tripp-publie-aux-editions-cle\/#breadcrumb"},"inLanguage":"fr-FR","potentialAction":[{"@type":"ReadAction","target":["https:\/\/blogs.editionscle.com\/blogcle\/lequilibre-extrait-du-livre-conduire-leglise-de-paul-tripp-publie-aux-editions-cle\/"]}]},{"@type":"ImageObject","inLanguage":"fr-FR","@id":"https:\/\/blogs.editionscle.com\/blogcle\/lequilibre-extrait-du-livre-conduire-leglise-de-paul-tripp-publie-aux-editions-cle\/#primaryimage","url":"https:\/\/blogs.editionscle.com\/blogcle\/wp-content\/uploads\/sites\/2\/2024\/03\/12-principes-schema.jpg","contentUrl":"https:\/\/blogs.editionscle.com\/blogcle\/wp-content\/uploads\/sites\/2\/2024\/03\/12-principes-schema.jpg","width":1160,"height":885},{"@type":"BreadcrumbList","@id":"https:\/\/blogs.editionscle.com\/blogcle\/lequilibre-extrait-du-livre-conduire-leglise-de-paul-tripp-publie-aux-editions-cle\/#breadcrumb","itemListElement":[{"@type":"ListItem","position":1,"name":"Accueil","item":"https:\/\/blogs.editionscle.com\/blogcle\/"},{"@type":"ListItem","position":2,"name":"\u00abL&rsquo;\u00e9quilibre\u00bb extrait du livre \u00ab\u00a0Conduire l&rsquo;\u00c9glise\u00a0\u00bb de Paul Tripp publi\u00e9 aux \u00c9ditions Cl\u00e9"}]},{"@type":"WebSite","@id":"https:\/\/blogs.editionscle.com\/blogcle\/#website","url":"https:\/\/blogs.editionscle.com\/blogcle\/","name":"Blog des \u00c9ditions Cl\u00e9","description":"Livres et logiciels pour comprendre la Bible","publisher":{"@id":"https:\/\/blogs.editionscle.com\/blogcle\/#organization"},"potentialAction":[{"@type":"SearchAction","target":{"@type":"EntryPoint","urlTemplate":"https:\/\/blogs.editionscle.com\/blogcle\/?s={search_term_string}"},"query-input":{"@type":"PropertyValueSpecification","valueRequired":true,"valueName":"search_term_string"}}],"inLanguage":"fr-FR"},{"@type":"Organization","@id":"https:\/\/blogs.editionscle.com\/blogcle\/#organization","name":"Editions Cl\u00e9","url":"https:\/\/blogs.editionscle.com\/blogcle\/","logo":{"@type":"ImageObject","inLanguage":"fr-FR","@id":"https:\/\/blogs.editionscle.com\/blogcle\/#\/schema\/logo\/image\/","url":"https:\/\/blogs.editionscle.com\/blogcle\/wp-content\/uploads\/sites\/2\/2018\/03\/Profil_facebookcle.png","contentUrl":"https:\/\/blogs.editionscle.com\/blogcle\/wp-content\/uploads\/sites\/2\/2018\/03\/Profil_facebookcle.png","width":375,"height":375,"caption":"Editions Cl\u00e9"},"image":{"@id":"https:\/\/blogs.editionscle.com\/blogcle\/#\/schema\/logo\/image\/"},"sameAs":["https:\/\/www.facebook.com\/editionscle","https:\/\/x.com\/editionscle","https:\/\/www.youtube.com\/user\/EditionsCle"]},{"@type":"Person","@id":"https:\/\/blogs.editionscle.com\/blogcle\/#\/schema\/person\/6f614e2cdd8aac468261bff8219ca7a0","name":"\u00c9ditions Cl\u00e9","description":"\u00c9ditions Cl\u00e9","sameAs":["https:\/\/editionscle.com"]}]}},"_links":{"self":[{"href":"https:\/\/blogs.editionscle.com\/blogcle\/wp-json\/wp\/v2\/posts\/3096","targetHints":{"allow":["GET"]}}],"collection":[{"href":"https:\/\/blogs.editionscle.com\/blogcle\/wp-json\/wp\/v2\/posts"}],"about":[{"href":"https:\/\/blogs.editionscle.com\/blogcle\/wp-json\/wp\/v2\/types\/post"}],"author":[{"embeddable":true,"href":"https:\/\/blogs.editionscle.com\/blogcle\/wp-json\/wp\/v2\/users\/1"}],"replies":[{"embeddable":true,"href":"https:\/\/blogs.editionscle.com\/blogcle\/wp-json\/wp\/v2\/comments?post=3096"}],"version-history":[{"count":3,"href":"https:\/\/blogs.editionscle.com\/blogcle\/wp-json\/wp\/v2\/posts\/3096\/revisions"}],"predecessor-version":[{"id":3101,"href":"https:\/\/blogs.editionscle.com\/blogcle\/wp-json\/wp\/v2\/posts\/3096\/revisions\/3101"}],"wp:featuredmedia":[{"embeddable":true,"href":"https:\/\/blogs.editionscle.com\/blogcle\/wp-json\/wp\/v2\/media\/3097"}],"wp:attachment":[{"href":"https:\/\/blogs.editionscle.com\/blogcle\/wp-json\/wp\/v2\/media?parent=3096"}],"wp:term":[{"taxonomy":"category","embeddable":true,"href":"https:\/\/blogs.editionscle.com\/blogcle\/wp-json\/wp\/v2\/categories?post=3096"},{"taxonomy":"post_tag","embeddable":true,"href":"https:\/\/blogs.editionscle.com\/blogcle\/wp-json\/wp\/v2\/tags?post=3096"}],"curies":[{"name":"wp","href":"https:\/\/api.w.org\/{rel}","templated":true}]}}