{"id":3155,"date":"2024-04-08T10:17:21","date_gmt":"2024-04-08T08:17:21","guid":{"rendered":"https:\/\/blogs.editionscle.com\/blogcle\/?p=3155"},"modified":"2024-04-08T14:57:15","modified_gmt":"2024-04-08T12:57:15","slug":"lascension-de-christ-et-lemerveillement-des-premiers-chretiens-extrait-du-livre-de-philippe-viguier-publie-aux-editions-cle","status":"publish","type":"post","link":"https:\/\/blogs.editionscle.com\/blogcle\/lascension-de-christ-et-lemerveillement-des-premiers-chretiens-extrait-du-livre-de-philippe-viguier-publie-aux-editions-cle\/","title":{"rendered":"\u00abL\u2019ascension de Christ et l\u2019\u00e9merveillement des premiers chr\u00e9tiens\u00bb extrait du livre de Philippe Viguier publi\u00e9 aux \u00c9ditions Cl\u00e9"},"content":{"rendered":"\n<figure class=\"wp-block-image size-full\"><img loading=\"lazy\" decoding=\"async\" width=\"675\" height=\"730\" src=\"https:\/\/blogs.editionscle.com\/blogcle\/wp-content\/uploads\/sites\/2\/2024\/04\/ASC-blog-1.jpg\" alt=\"\" class=\"wp-image-3156\" srcset=\"https:\/\/blogs.editionscle.com\/blogcle\/wp-content\/uploads\/sites\/2\/2024\/04\/ASC-blog-1.jpg 675w, https:\/\/blogs.editionscle.com\/blogcle\/wp-content\/uploads\/sites\/2\/2024\/04\/ASC-blog-1-277x300.jpg 277w, https:\/\/blogs.editionscle.com\/blogcle\/wp-content\/uploads\/sites\/2\/2024\/04\/ASC-blog-1-102x110.jpg 102w, https:\/\/blogs.editionscle.com\/blogcle\/wp-content\/uploads\/sites\/2\/2024\/04\/ASC-blog-1-388x420.jpg 388w, https:\/\/blogs.editionscle.com\/blogcle\/wp-content\/uploads\/sites\/2\/2024\/04\/ASC-blog-1-398x430.jpg 398w\" sizes=\"auto, (max-width: 675px) 100vw, 675px\" \/><\/figure>\n\n\n\n<h1 class=\"wp-block-heading\">L\u2019ascension de Christ et l\u2019\u00e9merveillement des premiers chr\u00e9tiens<\/h1>\n\n\n\n<blockquote class=\"wp-block-quote is-layout-flow wp-block-quote-is-layout-flow\">\n<p>Et tous le reconnaissent, le myst\u00e8re de la pi\u00e9t\u00e9 est grand&nbsp;: Dieu est apparu comme un homme, sa justice a \u00e9t\u00e9 r\u00e9v\u00e9l\u00e9e par l\u2019Esprit, il a \u00e9t\u00e9 vu des anges, proclam\u00e9 parmi les nations, on a cru en lui dans le monde, il a \u00e9t\u00e9 \u00e9lev\u00e9 dans la gloire.<\/p>\n<cite>1&nbsp;Timoth\u00e9e&nbsp;3.16<\/cite><\/blockquote>\n\n\n\n<p><\/p>\n\n\n\n<h2 class=\"wp-block-heading\">S\u2019\u00e9merveiller de la gloire de Dieu dans l\u2019ascension<\/h2>\n\n\n\n<p>\u00ab&nbsp;Il a \u00e9t\u00e9 \u00e9lev\u00e9 dans la gloire&nbsp;\u00bb&nbsp;: l\u2019ascension est une doctrine intrins\u00e8quement li\u00e9e \u00e0 la gloire de Dieu, qui nous plonge dans l\u2019\u00e9tude de cette gloire, avec tout l\u2019\u00e9merveillement que cela g\u00e9n\u00e8re. L\u2019ascension n\u2019est pas juste une date, un \u00e9v\u00e9nement ou un miracle. C\u2019est une facette unique de ce diamant qu\u2019est la gloire de Dieu, une facette \u00e0 d\u00e9couvrir, \u00e0 admirer, \u00e0 ch\u00e9rir.<\/p>\n\n\n\n<p>J\u00e9sus a \u00e9t\u00e9 \u00e9lev\u00e9 dans la gloire. Cette v\u00e9rit\u00e9 glorieuse, si nous la m\u00e9ditons, nous fera mieux conna\u00eetre notre Messie et nous r\u00e9v\u00e9lera aussi \u00f4 combien son ascension nous d\u00e9passe, pour nous tirer \u00e9ternellement vers le haut.<\/p>\n\n\n\n<p>\u00c0 cause de l\u2019humanit\u00e9 de Christ, nous pouvons avoir tendance \u00e0 minimiser sa gloire dans notre mani\u00e8re de penser \u00e0 lui. L\u2019ascension nous rappelle que J\u00e9sus est glorieux, \u00e9lev\u00e9, tout-puissant, m\u00eame s\u2019il s\u2019est rev\u00eatu d\u2019un corps humain. Paul insiste&nbsp;: \u00ab&nbsp;Ainsi, d\u00e9sormais, nous ne percevons plus personne de mani\u00e8re humaine&nbsp;; et si nous avons connu Christ de mani\u00e8re purement humaine, maintenant nous ne le connaissons plus ainsi&nbsp;\u00bb (2Co&nbsp;5.16). Henry Swete avertit&nbsp;: \u00ab&nbsp;Notre enthousiasme, \u00e9veill\u00e9 pour reconstruire un portrait historique de J\u00e9sus, nous fait payer un prix trop \u00e9lev\u00e9 si notre attention \u00e0 ce sujet nous \u00e9carte du Christ glorifi\u00e9 dont la suite du Nouveau Testament t\u00e9moigne<a href=\"#_ftn1\" id=\"_ftnref1\">[1]<\/a>&nbsp;\u00bb.<\/p>\n\n\n\n<p>La gloire de l\u2019ascension est unique dans le minist\u00e8re de J\u00e9sus. Jusqu\u2019\u00e0 sa mort, de nombreuses manifestations de sa gloire sont cach\u00e9es. Ce qui se produit apr\u00e8s la pri\u00e8re de Jean&nbsp;17 est absolument unique&nbsp;: \u00ab&nbsp;R\u00e9v\u00e8le la gloire de ton Fils afin que ton Fils [aussi] r\u00e9v\u00e8le ta gloire&nbsp;\u00bb (Jn&nbsp;17.1). La fin du minist\u00e8re de J\u00e9sus \u2013&nbsp;sa mort, sa r\u00e9surrection et son ascension&nbsp;\u2013 \u00f4te le voile et donne un incroyable avant-go\u00fbt du ciel.<\/p>\n\n\n\n<p>Par son ascension, J\u00e9sus est mont\u00e9 plus haut que nous ne pouvons l\u2019imaginer pour prendre une place plus glorieuse que nous ne pouvons le concevoir. Puisse cet ouvrage diriger nos regards vers le haut dans une admiration profonde de la gloire du Seigneur et Sauveur J\u00e9sus-Christ&nbsp;!<\/p>\n\n\n\n<h2 class=\"wp-block-heading\">Un des premiers chants des premiers chr\u00e9tiens<\/h2>\n\n\n\n<p>\u00ab&nbsp;Il a \u00e9t\u00e9 \u00e9lev\u00e9 dans la gloire&nbsp;\u00bb (1 Tim 3.16) est la conclusion d\u2019une strophe et le point culminant de ce que les commentateurs d\u00e9crivent comme \u00e9tant un \u00ab&nbsp;hymne christologique&nbsp;\u00bb de l\u2019\u00c9glise primitive<a id=\"_ftnref2\" href=\"#_ftn2\">[2]<\/a>.<\/p>\n\n\n\n<p>Ces vers en prose sur l\u2019ascension sont ainsi les paroles d\u2019un des premiers cantiques chr\u00e9tiens<a href=\"#_ftn3\" id=\"_ftnref3\">[3]<\/a>. D\u00e8s sa naissance, l\u2019\u00c9glise primitive a proclam\u00e9 son \u00e9merveillement face \u00e0 cette mont\u00e9e au ciel unique et glorieuse de J\u00e9sus-Christ.<\/p>\n\n\n\n<p>En tant que pasteur et responsable de la louange dans notre assembl\u00e9e, je suis tr\u00e8s sensible aux paroles des chants que nous utilisons lorsque nous nous r\u00e9unissons. \u00ab&nbsp;Nous sommes ce que nous chantons&nbsp;\u00bb, \u00e9crit l\u2019historien Mark Noll<a href=\"#_ftn4\" id=\"_ftnref4\">[4]<\/a>. En effet, nous chantons la doctrine qui nous inspire, et en retour, celle-ci influence notre vie.<\/p>\n\n\n\n<p>Alors pourquoi l\u2019\u00c9glise primitive chante-t-elle l\u2019ascension de J\u00e9sus-Christ&nbsp;?<\/p>\n\n\n\n<p>Peu de pratiques unissent autant l\u2019\u00c9glise que les chants qu\u2019elle entonne ou les Credo qu\u2019elle r\u00e9cite. Le chant est notre m\u00e9moire commune, notre exp\u00e9rience commune, notre th\u00e9ologie commune, notre proclamation commune. Et quelles belles paroles que ces vers cit\u00e9s par Paul&nbsp;! L\u2019\u00c9glise primitive est unie autour de Christ exalt\u00e9, lui qui est \u00ab&nbsp;proclam\u00e9 parmi les nations&nbsp;\u00bb, en qui l\u2019\u00ab&nbsp;on a cru [\u2026] dans le monde&nbsp;\u00bb. Ce Messie, qui a v\u00e9cu une ascension devant les ap\u00f4tres, est la fiert\u00e9 de son peuple, sa gloire. Cet \u00e9v\u00e9nement inspire un changement de vie, vers la gloire, ainsi que la proclamation dans le monde entier du Christ qui le m\u00e9rite, qui est digne d\u2019\u00eatre connu, ador\u00e9, reconnu pour cette renomm\u00e9e qui est sienne.<\/p>\n\n\n\n<p>Paul cite cet extrait de cantique en 1&nbsp;Timoth\u00e9e&nbsp;3.16, en conclusion d\u2019un enseignement sur les qualifications des anciens, les responsables spirituels de l\u2019\u00c9glise, et des diacres, les serviteurs exemplaires de l\u2019\u00c9glise. Paul vise les plus hauts responsables du corps de Christ, dont le standard est inspir\u00e9 par\u2026 l\u2019ascension de J\u00e9sus-Christ&nbsp;! Les anciens et les diacres incarnent un caract\u00e8re spirituel exemplaire qui tire l\u2019\u00c9glise enti\u00e8re vers le haut, tout comme la r\u00e9surrection de Christ culminant dans son ascension nous tire vers le haut.<\/p>\n\n\n\n<p>L\u2019\u00e9merveillement des premiers chr\u00e9tiens devant cette mont\u00e9e au ciel de J\u00e9sus ne s\u2019arr\u00eate pas \u00e0 une m\u00e9ditation c\u00e9r\u00e9brale&nbsp;; elle inspire directement la conduite de l\u2019\u00c9glise locale et la proclamation par la mission et l\u2019\u00e9vang\u00e9lisation. C\u2019est puissant&nbsp;! Tr\u00e8s rapidement, l\u2019ascension de J\u00e9sus-Christ inspire les arts, la po\u00e9sie, la louange&nbsp;: nous avons peu d\u2019exemples de chants \u00e9crits par les premiers chr\u00e9tiens, mais nous savons avec certitude que l\u2019ascension faisait partie de leur r\u00e9pertoire. Certains th\u00e9ologiens d\u00e9crivent le texte de Paul en Philippiens&nbsp;2.5-10 comme \u00e9tant un autre cantique de l\u2019\u00c9glise primitive, d\u2019autres comme \u00e9tant simplement un texte de Paul magnifiquement po\u00e9tique<a href=\"#_ftn5\" id=\"_ftnref5\">[5]<\/a>. Ces vers portent nos \u00e9motions au point culminant de l\u2019ascension de J\u00e9sus-Christ&nbsp;:<\/p>\n\n\n\n<blockquote class=\"wp-block-quote is-layout-flow wp-block-quote-is-layout-flow\">\n<p>Que votre attitude soit identique \u00e0 celle de J\u00e9sus-Christ&nbsp;:<\/p>\n\n\n\n<p>lui qui est de condition divine, il n\u2019a pas regard\u00e9 son \u00e9galit\u00e9 avec Dieu comme un butin \u00e0 pr\u00e9server, mais il s\u2019est d\u00e9pouill\u00e9 lui-m\u00eame en prenant une condition de serviteur, en devenant semblable aux \u00eatres humains. <br \/>Reconnu comme un simple homme, il s\u2019est humili\u00e9 lui-m\u00eame en faisant preuve d\u2019ob\u00e9issance jusqu\u2019\u00e0 la mort, m\u00eame la mort sur la croix.<br \/>C\u2019est aussi pourquoi Dieu l\u2019a \u00e9lev\u00e9 \u00e0 la plus haute place et lui a donn\u00e9 le nom qui est au-dessus de tout nom afin qu\u2019au nom de J\u00e9sus chacun plie le genou dans le ciel, sur la terre et sous la terre et que toute langue reconnaisse que J\u00e9sus-Christ est le Seigneur, \u00e0 la gloire de Dieu le P\u00e8re.<\/p>\n<cite>Philippiens&nbsp;2.5-11<\/cite><\/blockquote>\n\n\n\n<p>L\u2019ascension est une doctrine qui pr\u00e9sente \u00e0 la fois une grande richesse th\u00e9ologique et de nombreuses applications pratiques. Dans ces quelques vers de 1&nbsp;Timoth\u00e9e&nbsp;3, nous voyons un mouvement de descente, \u00ab&nbsp;Dieu est apparu comme un homme&nbsp;\u00bb, puis de mont\u00e9e, \u00ab&nbsp;il a \u00e9t\u00e9 \u00e9lev\u00e9 dans la gloire&nbsp;\u00bb. Il y a un parall\u00e9lisme entre la descente de la divinit\u00e9 sur terre (incarnation) et la mont\u00e9e de l\u2019humanit\u00e9 au ciel (ascension), qui constitue ce \u00ab&nbsp;myst\u00e8re de la pi\u00e9t\u00e9 [qui] est grand&nbsp;\u00bb.<\/p>\n\n\n\n<p>Nous avons en effet de quoi \u00eatre \u00e9merveill\u00e9s par le grand myst\u00e8re de la foi. L\u2019incarnation comme l\u2019ascension sont difficiles \u00e0 sonder, \u00e0 comprendre, \u00e0 expliquer avec les bons mots. Ce sont des \u00e9v\u00e9nements improbables qui ont pourtant boulevers\u00e9 toute l\u2019histoire de l\u2019humanit\u00e9.<\/p>\n\n\n\n<p>Wayne Grudem d\u00e9crit son \u00e9merveillement face \u00e0 l\u2019incarnation, J\u00e9sus pleinement homme et pleinement Dieu&nbsp;:<\/p>\n\n\n\n<blockquote class=\"wp-block-quote is-layout-flow wp-block-quote-is-layout-flow\">\n<p>C\u2019est de loin le miracle le plus extraordinaire de toute la Bible \u2013&nbsp;bien plus extraordinaire que la r\u00e9surrection et m\u00eame que la cr\u00e9ation de l\u2019univers. Le fait que le Fils de Dieu infini, omnipotent et \u00e9ternel ait pu devenir homme et rev\u00eatir une nature humaine pour toujours, de sorte que le Dieu infini est devenu une seule personne avec l\u2019homme fini, restera pour l\u2019\u00e9ternit\u00e9 le plus grand miracle et le myst\u00e8re le plus profond de tout l\u2019univers<a href=\"#_ftn6\" id=\"_ftnref6\">[6]<\/a>.<\/p>\n<cite>Wayne Grudem, Th\u00e9ologie syst\u00e9matique, 2e&nbsp;\u00e9d., Charols&nbsp;: Excelsis, 2023, p.&nbsp;793.<\/cite><\/blockquote>\n\n\n\n<p>Nous pouvons \u00eatre d\u2019accord ou non avec Grudem quand il affirme que l\u2019incarnation est le plus grand miracle. Mais ce myst\u00e8re du Fils 100&nbsp;%&nbsp;homme et 100&nbsp;%&nbsp;Dieu est en effet un des n\u0153uds th\u00e9ologiques les plus complexes \u00e0 expliquer<a href=\"#_ftn7\" id=\"_ftnref7\">[7]<\/a>. L\u2019ascension de Christ, d\u2019une certaine mani\u00e8re, r\u00e9fl\u00e9chit comme un miroir l\u2019ampleur de sa descente. Cette mont\u00e9e de Christ, qu\u2019il entreprend pour toute l\u2019humanit\u00e9 en tant que Dieu-homme, est tout aussi improbable et merveilleuse que cette descente, ce myst\u00e8re incroyable de Dieu devenu homme. No\u00ebl et l\u2019Ascension sont deux f\u00eates qui se compl\u00e8tent, elles c\u00e9l\u00e8brent le m\u00eame voyage, l\u2019une dans un sens, l\u2019autre dans le sens oppos\u00e9.<\/p>\n\n\n\n<h2 class=\"wp-block-heading\">Un tournant dans la vie des ap\u00f4tres<\/h2>\n\n\n\n<p>La d\u00e9couverte de ce chant dans 1&nbsp;Timoth\u00e9e concernant l\u2019ascension m\u2019a boulevers\u00e9, tout comme l\u2019\u00e9tude du livre des Actes pour mes pr\u00e9dications dans mon assembl\u00e9e. Je dois avouer qu\u2019avant de creuser les Actes des Ap\u00f4tres, je ne voyais dans l\u2019ascension gu\u00e8re plus qu\u2019un beau miracle, sans grande cons\u00e9quence th\u00e9ologique ou pratique. Pr\u00eacher verset par verset sur le livre des Actes m\u2019a montr\u00e9 que l\u2019ascension \u00e9tait non seulement une introduction \u00e0 l\u2019\u0153uvre de l\u2019\u00c9glise et la mission, mais aussi un fondement.<\/p>\n\n\n\n<p>Le d\u00e9part de J\u00e9sus marque un tournant fort dans l\u2019attitude et la foi des disciples. Pour les ap\u00f4tres, il y a un avant et un apr\u00e8s l\u2019ascension. Les ap\u00f4tres des \u00c9vangiles et les ap\u00f4tres des Actes ne sont simplement pas les m\u00eames en termes de conviction et de minist\u00e8re. Nous ne pouvons pas minimiser l\u2019impact de l\u2019ascension sur les ap\u00f4tres et les premiers chr\u00e9tiens. Jusqu\u2019aux derniers moments de la vie de J\u00e9sus sur terre, les disciples ont encore des doutes&nbsp;: \u00ab&nbsp;Les onze disciples all\u00e8rent en Galil\u00e9e, sur la montagne que J\u00e9sus leur avait d\u00e9sign\u00e9e. Quand ils le virent, ils se prostern\u00e8rent devant lui, mais quelques-uns eurent des doutes&nbsp;\u00bb (Mt&nbsp;28.16-17). Malgr\u00e9 la r\u00e9surrection, les disciples luttent et J\u00e9sus continue \u00e0 les encourager&nbsp;: \u00ab&nbsp;Apr\u00e8s avoir souffert, il se pr\u00e9senta \u00e0 eux vivant et leur en donna de nombreuses preuves&nbsp;: pendant 40&nbsp;jours, il se montra \u00e0 eux et parla de ce qui concerne le royaume de Dieu&nbsp;\u00bb (Ac&nbsp;1.3). \u00c0 la fin des \u00c9vangiles, les ap\u00f4tres sont encore confus en ce qui concerne l\u2019identit\u00e9 de Christ et sa divinit\u00e9, ils ont besoin de nombreuses preuves. Apr\u00e8s l\u2019ascension et la Pentec\u00f4te, les doutes se sont \u00e9vanouis. Les disciples prennent une direction claire pour proclamer le Christ et construire son \u00c9glise.<\/p>\n\n\n\n<p>Le contraste entre les ap\u00f4tres des \u00c9vangiles et les ap\u00f4tres du livre des Actes est percutant. \u00c0 la fin de l\u2019\u00c9vangile de Jean, Pierre abandonne le minist\u00e8re pour repartir \u00e0 la p\u00eache. Dans le livre des Actes, il se donne entier \u00e0 l\u2019\u0153uvre de Christ. Lors du dernier repas de J\u00e9sus, les ap\u00f4tres se battent pour savoir qui est le plus grand. Dans le livre des Actes, ils se battent pour proclamer que Christ est le plus grand. Leur parcours alors sem\u00e9 de doutes et de crainte fait place au courage et \u00e0 la foi. Alors que, dans le jardin de Geths\u00e9man\u00e9, ils luttent pour prier, la premi\u00e8re chose qu\u2019ils font en se r\u00e9unissant apr\u00e8s l\u2019ascension est de se consacrer \u00e0 la pri\u00e8re (Ac&nbsp;1.14). La transformation des disciples est profonde, mais il ne s\u2019agit pas simplement d\u2019un long chemin de croissance vers la maturit\u00e9&nbsp;: au moment de l\u2019ascension, un tournant puissant se produit dans leurs vies.<\/p>\n\n\n\n<p>Le d\u00e9part de J\u00e9sus marque probablement la transition la plus importante de l\u2019histoire de l\u2019humanit\u00e9&nbsp;: il s\u2019agit du moment o\u00f9 Dieu fait homme part et o\u00f9 la rel\u00e8ve est laiss\u00e9e entre les mains d\u2019une poign\u00e9e d\u2019anciens p\u00eacheurs. Cette transition si improbable est pourtant un succ\u00e8s incroyable. Cette ascension est soudaine, puissante et myst\u00e9rieuse, au point que G\u00e9rald Bray affirme&nbsp;: \u00ab&nbsp;L\u2019ascension de J\u00e9sus-Christ, quarante jours apr\u00e8s sa r\u00e9surrection, est l\u2019\u00e9v\u00e9nement le plus inexplicable de la Bible<a href=\"#_ftn8\" id=\"_ftnref8\">[8]<\/a>&nbsp;\u00bb.<\/p>\n\n\n\n<p>\u00c9bahi par mon \u00e9tude dans le livre des Actes, je ne pouvais que me poser \u00e0 moi-m\u00eame cette question&nbsp;: si cet \u00e9v\u00e9nement a produit un tel impact dans la vie des disciples, qu\u2019en est-il pour moi&nbsp;? Si ce d\u00e9part de J\u00e9sus dans la gloire a produit un impact profond et a fa\u00e7onn\u00e9 l\u2019\u00e9mergence de l\u2019\u00e2ge du salut par l\u2019\u00c9glise et la mission, qu\u2019en est-il pour nous aujourd\u2019hui&nbsp;? Se pourrait-il que je sois aussi encourag\u00e9 dans ma foi, dans mon courage, dans mon z\u00e8le, dans ma proclamation de Christ, dans mon adoration en creusant cet \u00e9v\u00e9nement, cette belle doctrine&nbsp;? Mon \u00e9tude du sujet a d\u00e9pass\u00e9 toutes mes attentes.<\/p>\n\n\n\n<h2 class=\"wp-block-heading\">La derni\u00e8re impression<\/h2>\n\n\n\n<p>Que vous vient-il \u00e0 l\u2019esprit lorsque vous pensez \u00e0 J\u00e9sus&nbsp;? Comment l\u2019imaginez-vous&nbsp;?<\/p>\n\n\n\n<p>Lorsque nous pensons \u00e0 une personne que nous avons connue, c\u2019est souvent la derni\u00e8re impression qui nous vient en m\u00e9moire. Quand je pars en voyage et que mes enfants me manquent, ce n\u2019est pas l\u2019image de leur naissance qui me revient en t\u00eate, mais le dernier c\u00e2lin d\u2019au revoir. En pensant \u00e0 mon \u00e9pouse, ce n\u2019est pas notre premi\u00e8re conversation qui me revient \u00e0 l\u2019esprit, mais nos derniers \u00e9changes. Quand je pense aux amis proches qui sont partis rejoindre le Seigneur, ce sont surtout les derni\u00e8res paroles \u00e9chang\u00e9es avec elles qui ont laiss\u00e9 la plus forte empreinte.<\/p>\n\n\n\n<p>La projection mentale que nous faisons de quelqu\u2019un dirige notre perception et nos \u00e9motions. La derni\u00e8re impression y joue un r\u00f4le incontournable.<\/p>\n\n\n\n<p>Quelle image de J\u00e9sus vous vient \u00e0 l\u2019esprit quand vous pensez \u00e0 lui&nbsp;?<\/p>\n\n\n\n<ul class=\"wp-block-list\">\n<li>Pour certains, c\u2019est un b\u00e9b\u00e9 n\u00e9 dans une cr\u00e8che. Pour beaucoup, c\u2019est l\u2019image d\u2019un enseignant qui parcourt, sandales aux pieds, un pays antique. Pour d\u2019autres, c\u2019est un corps languissant sur une croix.<\/li>\n\n\n\n<li>Peut-\u00eatre l\u2019imaginez-vous en train de faire un de ses nombreux miracles, marcher sur l\u2019eau, multiplier les pains et les poissons, calmer la temp\u00eate.<\/li>\n\n\n\n<li>Peut-\u00eatre un dessin d\u2019un livre pour enfants vous revient-il en m\u00e9moire. L\u2019image de J\u00e9sus entour\u00e9 d\u2019enfants, avec un petit sur ses genoux, me revient souvent \u00e0 l\u2019esprit, ainsi que celle o\u00f9 il ram\u00e8ne une brebis perdue.<\/li>\n\n\n\n<li>Peut-\u00eatre est-ce l\u2019image d\u2019un film, o\u00f9 il enseigne les foules, fait face aux pharisiens ou crie de douleur sur la croix.<\/li>\n<\/ul>\n\n\n\n<p>De nombreuses images se grav\u00e8rent dans l\u2019esprit des disciples qui v\u00e9curent avec lui. Mais rien ne pourra remplacer la derni\u00e8re impression qu\u2019ils eurent de lui&nbsp;: J\u00e9sus \u00e9lev\u00e9, J\u00e9sus exalt\u00e9, J\u00e9sus couronn\u00e9 de gloire.<\/p>\n\n\n\n<p>Cette derni\u00e8re impression glorieuse laiss\u00e9e par J\u00e9sus anticipe un retour rempli de gloire et de majest\u00e9. Alors que la litt\u00e9rature, les m\u00e9dias et la culture rivalisent pour projeter une image de Christ toujours plus rabaissante, les croyants sont appel\u00e9s \u00e0 rejoindre les disciples en gravant dans leur esprit une vision glorieuse de J\u00e9sus \u00e9lev\u00e9 dans la gloire et assis \u00e0 la droite du P\u00e8re.<\/p>\n\n\n\n<p>C\u2019est avec cette image en t\u00eate qu\u2019ils partent pr\u00eacher l\u2019\u00c9vangile, former des disciples, implanter des \u00c9glises, conqu\u00e9rir le monde. Pour Justin Martyr (100\u2013165 apr.&nbsp;J.-C.), l\u2019ascension est le tremplin qui transforme les disciples d\u2019\u00e9tudiants de Dieu en v\u00e9ritables acteurs et proclamateurs de l\u2019\u00c9vangile&nbsp;:<\/p>\n\n\n\n<p>En effet, lorsqu\u2019il fut crucifi\u00e9, tous ses disciples l\u2019abandonn\u00e8rent et le reni\u00e8rent. Plus tard, il ressuscita des morts, et se montrant \u00e0 eux, il leur apprit les proph\u00e9ties qui annon\u00e7aient toutes ces choses et ils le virent remonter au ciel. Pleins de foi et rev\u00eatus de la force d\u2019en haut, qu\u2019il leur avait envoy\u00e9e, ils s\u2019en all\u00e8rent \u00e0 travers le monde, pour instruire les hommes, et on les appela ap\u00f4tres<a href=\"#_ftn9\" id=\"_ftnref9\">[9]<\/a>.<\/p>\n\n\n\n<h2 class=\"wp-block-heading\">L\u2019ascension comme la grande charni\u00e8re<\/h2>\n\n\n\n<p>En suivant le livre des Actes, nous d\u00e9couvrons que l\u2019impact de l\u2019ascension ne s\u2019arr\u00eate pas aux onze ap\u00f4tres pr\u00e9sents. L\u2019ascension est au centre d\u2019une longue s\u00e9rie de nouveaux commencements.<\/p>\n\n\n\n<p>Nous avons mentionn\u00e9 l\u2019un des premiers chants de l\u2019\u00c9glise primitive. Observez la conclusion de la premi\u00e8re pr\u00e9dication de Pierre le jour de la Pentec\u00f4te&nbsp;:<\/p>\n\n\n\n<blockquote class=\"wp-block-quote is-layout-flow wp-block-quote-is-layout-flow\">\n<p>\u00ab&nbsp;C\u2019est ce J\u00e9sus que Dieu a ressuscit\u00e9, nous en sommes tous t\u00e9moins. \u00c9lev\u00e9 \u00e0 la droite de Dieu, il a re\u00e7u du P\u00e8re le Saint-Esprit qui avait \u00e9t\u00e9 promis et il l\u2019a d\u00e9vers\u00e9, comme vous le voyez et l\u2019entendez maintenant. David en effet n\u2019est pas mont\u00e9 au ciel, mais il dit lui-m\u00eame&nbsp;: Le Seigneur a dit \u00e0 mon Seigneur&nbsp;: \u201cAssieds-toi \u00e0 ma droite jusqu\u2019\u00e0 ce que j\u2019aie fait de tes ennemis ton marchepied.\u201d Que toute la communaut\u00e9 d\u2019Isra\u00ebl sache donc avec certitude que Dieu a fait Seigneur et Messie ce J\u00e9sus que vous avez crucifi\u00e9.&nbsp;\u00bb<\/p>\n<cite>Actes&nbsp;2.32-36<\/cite><\/blockquote>\n\n\n\n<p>D\u00e8s son premier discours, Pierre place l\u2019ascension dans un mouvement englobant la r\u00e9surrection, la mont\u00e9e au ciel, l\u2019exaltation<a id=\"_ftnref10\" href=\"#_ftn10\">[10]<\/a>, la session<a id=\"_ftnref11\" href=\"#_ftn11\">[11]<\/a> et l\u2019envoi du Saint-Esprit&nbsp;: les implications th\u00e9ologiques et pratiques de cette doctrine sont si riches&nbsp;! La pr\u00e9dication de Christ \u00e9lev\u00e9 dans la gloire est puissante&nbsp;: 3000 personnes se convertissent (Ac&nbsp;2.41)&nbsp;! Cette doctrine si rapidement oubli\u00e9e de nos jours a marqu\u00e9 un tournant dans l\u2019engagement de la foi des disciples ainsi que des non-croyants qui se sont tourn\u00e9s vers Christ. Le jour de la Pentec\u00f4te, l\u2019\u00c9glise se construit sur une pr\u00e9dication culminant avec l\u2019ascension de Christ.<\/p>\n\n\n\n<p>L\u2019ascension est aussi une source de motivation pour \u00c9tienne qui est all\u00e9 jusqu\u2019au bout de son engagement chr\u00e9tien malgr\u00e9 la col\u00e8re de ceux qui en feront le premier martyr de l\u2019\u00c9glise&nbsp;:<\/p>\n\n\n\n<blockquote class=\"wp-block-quote is-layout-flow wp-block-quote-is-layout-flow\">\n<p>En entendant ces paroles, ils avaient le c\u0153ur plein de rage et ils grin\u00e7aient des dents contre lui. Mais \u00c9tienne, rempli du Saint-Esprit, fixa les regards vers le ciel et vit la gloire de Dieu et J\u00e9sus debout \u00e0 la droite de Dieu. Il dit&nbsp;: \u00ab&nbsp;Je vois le ciel ouvert et le Fils de l\u2019homme debout \u00e0 la droite de Dieu.&nbsp;\u00bb Ils pouss\u00e8rent alors de grands cris en se bouchant les oreilles, se pr\u00e9cipit\u00e8rent tous ensemble sur lui, le tra\u00een\u00e8rent \u00e0 l\u2019ext\u00e9rieur de la ville et se mirent \u00e0 le lapider. Les t\u00e9moins avaient d\u00e9pos\u00e9 leurs v\u00eatements aux pieds d\u2019un jeune homme appel\u00e9 Saul.<\/p>\n<cite>Actes&nbsp;7.54-58<\/cite><\/blockquote>\n\n\n\n<p>Bruce Waltke r\u00e9sume cela ainsi&nbsp;: \u00ab&nbsp;La vision du Christ dans son ascension incite \u00c9tienne \u00e0 la fid\u00e9lit\u00e9, m\u00eame jusqu\u2019\u00e0 la mort<a id=\"_ftnref12\" href=\"#_ftn12\">[12]<\/a>&nbsp;\u00bb. \u00c9tienne n\u2019\u00e9tait probablement pas pr\u00e9sent lors de l\u2019ascension de J\u00e9sus-Christ. Pourtant, cette vision de Christ \u00e9lev\u00e9 est celle qui l\u2019inspire dans ses derniers moments. \u00c0 la vue de Christ \u00e9lev\u00e9 au rang dont il est digne, dans sa gloire, \u00c9tienne n\u2019a plus peur de rien. Il est pr\u00eat \u00e0 mourir en proclamant Christ \u00e0 la droite de Dieu<a id=\"_ftnref13\" href=\"#_ftn13\">[13]<\/a>.<\/p>\n\n\n\n<p>Quant au premier missionnaire pour les nations, Paul, il se convertit par une lumi\u00e8re venant du ciel (Ac&nbsp;26.13) et une \u00ab&nbsp;vision c\u00e9leste&nbsp;\u00bb (Ac&nbsp;26.19). L\u2019ap\u00f4tre Paul, s\u2019il n\u2019est pas avec les onze lors de l\u2019ascension, est chang\u00e9 de mani\u00e8re tout aussi radicale apr\u00e8s avoir vu Christ \u00e9lev\u00e9. Sur le chemin de Damas, en un instant, sa perspective du monde est r\u00e9volutionn\u00e9e lorsque les cieux s\u2019ouvrent et qu\u2019il voit Christ pour qui il est vraiment. La beaut\u00e9 de cette vision c\u00e9leste est telle qu\u2019il ne peut y r\u00e9sister (Ac&nbsp;26.19), et il ne sera plus jamais le m\u00eame. Cette impression de Christ exalt\u00e9 m\u00e9tamorphose l\u2019homme rebelle et dur au c\u0153ur de pierre qu\u2019il \u00e9tait en un ap\u00f4tre infatigable (1Co&nbsp;15.10).<\/p>\n\n\n\n<p>Il n\u2019est pas surprenant de noter que le passage le plus cit\u00e9 de l\u2019Ancien Testament est le psaume&nbsp;110, \u00e9vocateur de l\u2019ascension et la session du Messie \u00e0 la droite de Dieu. Ce miracle se distingue des autres miracles de J\u00e9sus, car il est de loin le plus cit\u00e9 dans la Bible apr\u00e8s la r\u00e9surrection<a href=\"#_ftn14\" id=\"_ftnref14\">[14]<\/a>.<\/p>\n\n\n\n<p>Premier chant, premi\u00e8re pr\u00e9dication, premier martyr, premier missionnaire, passage le plus cit\u00e9 de l\u2019Ancien Testament\u2026, l\u2019ascension de Christ et ses cons\u00e9quences jouent un r\u00f4le charni\u00e8re dans le d\u00e9veloppement du Nouveau Testament. Les premiers chr\u00e9tiens ont \u00e9t\u00e9 profond\u00e9ment fa\u00e7onn\u00e9s par cette ascension. Nous comprenons peut-\u00eatre mieux pourquoi les P\u00e8res de l\u2019\u00c9glise ont instaur\u00e9 une f\u00eate pour se rem\u00e9morer l\u2019\u00e9v\u00e9nement. La richesse de leurs discussions sur le sujet montre aussi qu\u2019ils y pensaient beaucoup plus que nous aujourd\u2019hui. Augustin ne cache pas son \u00e9merveillement vis-\u00e0-vis des cons\u00e9quences glorieuses de l\u2019ascension pour les croyants&nbsp;:<\/p>\n\n\n\n<p>Notre humanit\u00e9 dont J\u00e9sus-Christ a daign\u00e9 se rev\u00eatir fait aujourd\u2019hui son entr\u00e9e triomphante dans le ciel&nbsp;; J\u00e9sus-Christ ne se contente pas d\u2019avoir sauv\u00e9 l\u2019homme, il veut encore le glorifier<a href=\"#_ftn15\" id=\"_ftnref15\">[15]<\/a>.<\/p>\n\n\n\n<h2 class=\"wp-block-heading\">L\u2019ascension de Christ est et sera aussi la n\u00f4tre<\/h2>\n\n\n\n<p>L\u2019\u00c9glise primitive, dans ce cantique, lie l\u2019ascension de Christ \u00e0 l\u2019identit\u00e9 de l\u2019\u00c9glise. Parce que Christ a \u00e9t\u00e9 \u00e9lev\u00e9, l\u2019\u00c9glise qui le repr\u00e9sente doit se comporter avec dignit\u00e9. Dans l\u2019\u00e9p\u00eetre aux \u00c9ph\u00e9siens, l\u2019ap\u00f4tre Paul explique que l\u2019ascension de Christ est aussi la n\u00f4tre&nbsp;:<\/p>\n\n\n\n<blockquote class=\"wp-block-quote is-layout-flow wp-block-quote-is-layout-flow\">\n<p>Nous qui \u00e9tions morts en raison de nos fautes, il nous a rendus \u00e0 la vie avec Christ \u2013&nbsp;c\u2019est par gr\u00e2ce que vous \u00eates sauv\u00e9s&nbsp;\u2013, il nous a ressuscit\u00e9s et fait asseoir avec lui dans les lieux c\u00e9lestes, en J\u00e9sus-Christ. Il a fait cela afin de montrer dans les temps \u00e0 venir l\u2019infinie richesse de sa gr\u00e2ce par la bont\u00e9 qu\u2019il a manifest\u00e9e envers nous en J\u00e9sus-Christ.<\/p>\n<cite>\u00c9ph\u00e9siens&nbsp;2.5-7<\/cite><\/blockquote>\n\n\n\n<p>L\u2019identit\u00e9 du croyant est celle d\u2019une personne morte dans la mort de Christ, ressuscit\u00e9e dans la r\u00e9surrection de Christ et \u00e9lev\u00e9e dans l\u2019ascension de Christ. Ce que Christ a accompli en montant au ciel a des cons\u00e9quences profondes sur qui nous sommes et sur la mani\u00e8re dont nous sommes appel\u00e9s \u00e0 vivre sur terre. N\u2019est-ce pas \u00e9tonnant en effet que la premi\u00e8re chose que les croyants feront dans leur corps ressuscit\u00e9 sera de vivre une ascension&nbsp;?<\/p>\n\n\n\n<blockquote class=\"wp-block-quote is-layout-flow wp-block-quote-is-layout-flow\">\n<p>En effet, le Seigneur lui-m\u00eame, \u00e0 un signal donn\u00e9, \u00e0 la voix d\u2019un archange et au son de la trompette de Dieu, descendra du ciel et ceux qui sont morts en Christ ressusciteront d\u2019abord. Ensuite, nous qui serons encore en vie, nous serons tous ensemble enlev\u00e9s avec eux sur des nu\u00e9es \u00e0 la rencontre du Seigneur dans les airs, et ainsi nous serons toujours avec le Seigneur. Encouragez-vous donc les uns les autres par ces paroles.<\/p>\n<cite>1&nbsp;Thessaloniciens&nbsp;4.16-18<\/cite><\/blockquote>\n\n\n\n<h2 class=\"wp-block-heading\">L\u2019approche de ce livre<\/h2>\n\n\n\n<p>Tout comme l\u2019histoire de l\u2019incarnation ne commence pas \u00e0 No\u00ebl, l\u2019histoire de l\u2019ascension de J\u00e9sus-Christ ne commence pas 40&nbsp;jours apr\u00e8s sa r\u00e9surrection. C\u2019est un long parcours de promesses, de symboles, d\u2019attentes concernant le Messie, de puzzles th\u00e9ologiques et proph\u00e9tiques. Notre approche consistera \u00e0 consid\u00e9rer l\u2019ascension comme \u00e9tant \u00e0 la fois un \u00e9v\u00e9nement distinct et un \u00e9l\u00e9ment indissociable de ce mouvement plus large englobant la r\u00e9surrection, la mont\u00e9e au ciel, l\u2019exaltation, la session et l\u2019envoi du Saint-Esprit.<\/p>\n\n\n\n<p>Dans ce livre, je vous invite \u00e0 parcourir une s\u00e9rie de passages faisant r\u00e9f\u00e9rence \u00e0 ce mouvement vertical de J\u00e9sus-Christ. Comme nous l\u2019avons vu dans le chant cit\u00e9 en 1&nbsp;Timoth\u00e9e&nbsp;3.16, les premiers chr\u00e9tiens comprenaient l\u2019ascension comme \u00e9tant un miracle, une identit\u00e9 partag\u00e9e en Christ et un mouvement spirituel vers le haut.<\/p>\n\n\n\n<p>Vous serez peut-\u00eatre surpris par certains d\u00e9veloppements et par le choix de certains passages. Plusieurs \u00e9voquent des parall\u00e8les physiques de mont\u00e9es et de descentes, d\u2019autres des parall\u00e8les plus figuratifs de ce mouvement. J\u2019ai la conviction que les deux aspects sont li\u00e9s. Cette richesse nous permettra d\u2019approfondir des sujets complexes tout en recherchant des implications pratiques.<\/p>\n\n\n\n<p>Mon but avant tout par cet ouvrage est de renouveler en chacun de nous un \u00e9merveillement non seulement pour l\u2019ascension, mais surtout pour le Christ de l\u2019ascension. En creusant cette doctrine peu explor\u00e9e, j\u2019esp\u00e8re vous aider \u00e0 mieux conna\u00eetre certaines facettes de ce Sauveur si extraordinaire.<\/p>\n\n\n\n<h2 class=\"wp-block-heading\">L\u2019essentiel<\/h2>\n\n\n\n<ul class=\"wp-block-list\">\n<li>L\u2019ascension de J\u00e9sus-Christ r\u00e9v\u00e8le un aspect particulier de la gloire de Dieu.<\/li>\n\n\n\n<li>L\u2019ascension faisait partie du r\u00e9pertoire de louange de l\u2019\u00c9glise primitive.<\/li>\n\n\n\n<li>L\u2019ascension inspire la conduite de l\u2019\u00c9glise.<\/li>\n\n\n\n<li>L\u2019ascension marque un tournant fort dans l\u2019attitude et la foi des ap\u00f4tres.<\/li>\n\n\n\n<li>L\u2019ascension de J\u00e9sus est la derni\u00e8re image de sa personne grav\u00e9e dans l\u2019esprit des disciples, celle qu\u2019ils ont port\u00e9e avec eux en le proclamant dans le monde.<\/li>\n\n\n\n<li>L\u2019ascension inspire chez les premiers chr\u00e9tiens la pr\u00e9dication, l\u2019engagement total m\u00eame jusqu\u2019\u00e0 la mort, la repentance et l\u2019\u00e9lan missionnaire.<\/li>\n\n\n\n<li>Il existe un lien entre l\u2019ascension de Christ et notre identit\u00e9 chr\u00e9tienne.<\/li>\n\n\n\n<li>La premi\u00e8re chose que les croyants feront dans leur corps glorifi\u00e9 est de vivre une ascension.<\/li>\n<\/ul>\n\n\n\n<hr class=\"wp-block-separator has-alpha-channel-opacity\"\/>\n\n\n\n<p><a id=\"_ftn1\" href=\"#_ftnref1\">[1]<\/a> Henry Swete, <em>The Ascended Christ, a Study in the Earliest Christian Teaching<\/em>, Londres: MacMillan and Co, 1910, p.&nbsp;xii.<\/p>\n\n\n\n<p><a id=\"_ftn2\" href=\"#_ftnref2\">[2]<\/a> William D. Mounce, <em>Pastoral Epistles<\/em>, vol. 46, Word Biblical Commentary, Dallas: Word, 2000, p.&nbsp;225.<\/p>\n\n\n\n<p><a href=\"#_ftnref3\" id=\"_ftn3\">[3]<\/a> La structure de ces vers semble \u00eatre la plus claire en termes d\u2019\u00e9vocation d\u2019un cantique. \u00c0 comparer avec Colossiens&nbsp;1.15-20, Philippiens&nbsp;2.4-9 et 2&nbsp;Timoth\u00e9e&nbsp;2.11-13.<\/p>\n\n\n\n<p><a href=\"#_ftnref4\" id=\"_ftn4\">[4]<\/a> Mark Noll, \u00abWe are what we sing\u00bb, Christianity Today, 12&nbsp;juillet 1999.<\/p>\n\n\n\n<p><a href=\"#_ftnref5\" id=\"_ftn5\">[5]<\/a> Gordon D. Fee, \u00abPhilippians 2:5-11: Hymn or Exalted Pauline Prose?\u00bb, Bulletin for Biblical Research 2, 1992, p.&nbsp;29-46.<\/p>\n\n\n\n<p><a href=\"#_ftnref6\" id=\"_ftn6\">[6]<\/a> Wayne Grudem, Th\u00e9ologie syst\u00e9matique, 2e&nbsp;\u00e9d., Charols&nbsp;: Excelsis, 2023, p.&nbsp;793.<\/p>\n\n\n\n<p><a href=\"#_ftnref7\" id=\"_ftn7\">[7]<\/a> La citation de Grudem ci-dessus est sa conclusion au sujet des discussions christologiques sur l\u2019union hypostatique, la question de la peccabilit\u00e9 de Christ, la k\u00e9nose\u2026, tous ces sujets extr\u00eamement complexes qui ont fait verser beaucoup d\u2019encre des P\u00e8res de l\u2019\u00c9glise \u00e0 nos jours.<\/p>\n\n\n\n<p><a href=\"#_ftnref8\" id=\"_ftn8\">[8]<\/a> G\u00e9rald Bray, \u00ab&nbsp;L\u2019ascension&nbsp;\u00bb, La Revue r\u00e9form\u00e9e, Sommaire N\u00b0&nbsp;199, 1998\/3, Tome&nbsp;XLIX.<\/p>\n\n\n\n<p><a href=\"#_ftnref9\" id=\"_ftn9\">[9]<\/a> Justin Martyr, Premi\u00e8re Apologie 50.<\/p>\n\n\n\n<p><a href=\"#_ftnref10\" id=\"_ftn10\">[10]<\/a> Le terme \u00ab&nbsp;exaltation&nbsp;\u00bb fait r\u00e9f\u00e9rence \u00e0 la gloire que J\u00e9sus re\u00e7oit en retournant au ciel.<\/p>\n\n\n\n<p><a href=\"#_ftnref11\" id=\"_ftn11\">[11]<\/a> Le terme \u00ab&nbsp;session&nbsp;\u00bb se r\u00e9f\u00e8re au fait que Christ s\u2019est assis \u00e0 la droite de Dieu sur le tr\u00f4ne divin.<\/p>\n\n\n\n<p><a href=\"#_ftnref12\" id=\"_ftn12\">[12]<\/a> Bruce Waltke, \u00ab\u201cHe Ascended and Sitteth\u2026\u201d Reflections on the Sixth Article of the Apostles\u2019 Creed\u00bb, Crux, Juin 1994, vol.&nbsp;30, p.&nbsp;4.<\/p>\n\n\n\n<p><a href=\"#_ftnref13\" id=\"_ftn13\">[13]<\/a> La vision d\u2019\u00c9tienne est toutefois diff\u00e9rente de celle du Messie assis \u00e0 la droite de Dieu annonc\u00e9e dans le psaume&nbsp;110. Christ est debout, comme pour plaider sa cause, pour l\u2019accueillir dans quelques instants, pour montrer son approbation, son amour et aller \u00e0 sa rencontre.<\/p>\n\n\n\n<p><a id=\"_ftn14\" href=\"#_ftnref14\">[14]<\/a> Voici la liste des passages&nbsp;: Mt&nbsp;26.64, Mc&nbsp;16.19, Lu&nbsp;24.50-53, Jn&nbsp;1.51&nbsp;; Jn&nbsp;6.38-40, Jn&nbsp;61-63&nbsp;; Jn&nbsp;7.33&nbsp;; Jn&nbsp;8.14, 21&nbsp;; Jn&nbsp;13.33&nbsp;; Jn&nbsp;14.3, 12, 28&nbsp;; Jn&nbsp;16.5, 7, 10, 17, 28&nbsp;; Jn&nbsp;20.17&nbsp;; Ac&nbsp;1.2, 9, 22&nbsp;; Ac&nbsp;2.32-36&nbsp;; Ac&nbsp;5.31-32&nbsp;; Ac&nbsp;7.55-56&nbsp;; Ac&nbsp;13.37, Rm&nbsp;8.34, 2Co&nbsp;5.10, Ep&nbsp;1.9-10, 20-21&nbsp;; Ep&nbsp;2.4-7&nbsp;; Ep&nbsp;4.8-10, Php&nbsp;2.9-11, Col&nbsp;3.1, 1Tim&nbsp;3.16, Heb&nbsp;4.14-16&nbsp;; Heb&nbsp;6.19-20&nbsp;; Heb&nbsp;7.26&nbsp;; Heb&nbsp;8.2&nbsp;; Heb&nbsp;9.12, 24&nbsp;; Heb&nbsp;10.12&nbsp;; Heb&nbsp;12.2, 1P 3.21-22, Ap&nbsp;1.7-8&nbsp;; Ap&nbsp;4.2, 9-11&nbsp;; Ap&nbsp;5.13.<\/p>\n\n\n\n<p><a id=\"_ftn15\" href=\"#_ftnref15\">[15]<\/a> Augustin, Hom\u00e9lie&nbsp;1040, Sur l\u2019ascension du Sauveur.<\/p>\n\n\n\n<hr class=\"wp-block-separator has-alpha-channel-opacity\"\/>\n\n\n\n<p>Texte copyright \u00a92024 \u00c9ditions Cl\u00e9 et Philippe Viguier. Reproduction interdite sans autorisation \u00e9crite.<\/p>\n\n\n\n<div class=\"wp-block-media-text is-stacked-on-mobile\"><figure class=\"wp-block-media-text__media\"><a href=\"https:\/\/editionscle.com\/vie-chretienne\/363-s-%C3%A9merveiller-de-l-ascension-9782358431705.html\"><img loading=\"lazy\" decoding=\"async\" width=\"662\" height=\"994\" src=\"https:\/\/blogs.editionscle.com\/blogcle\/wp-content\/uploads\/sites\/2\/2024\/04\/0170.ip_.jpg\" alt=\"\" class=\"wp-image-3171 size-full\" srcset=\"https:\/\/blogs.editionscle.com\/blogcle\/wp-content\/uploads\/sites\/2\/2024\/04\/0170.ip_.jpg 662w, https:\/\/blogs.editionscle.com\/blogcle\/wp-content\/uploads\/sites\/2\/2024\/04\/0170.ip_-200x300.jpg 200w, https:\/\/blogs.editionscle.com\/blogcle\/wp-content\/uploads\/sites\/2\/2024\/04\/0170.ip_-140x210.jpg 140w, https:\/\/blogs.editionscle.com\/blogcle\/wp-content\/uploads\/sites\/2\/2024\/04\/0170.ip_-73x110.jpg 73w, https:\/\/blogs.editionscle.com\/blogcle\/wp-content\/uploads\/sites\/2\/2024\/04\/0170.ip_-280x420.jpg 280w, https:\/\/blogs.editionscle.com\/blogcle\/wp-content\/uploads\/sites\/2\/2024\/04\/0170.ip_-286x430.jpg 286w\" sizes=\"auto, (max-width: 662px) 100vw, 662px\" \/><\/a><\/figure><div class=\"wp-block-media-text__content\">\n<p>D\u00e9couvrez <a href=\"https:\/\/editionscle.com\/vie-chretienne\/363-s-%C3%A9merveiller-de-l-ascension-9782358431705.html\">S&rsquo;\u00e9merveiller de l&rsquo;ascension <\/a>le livre de <a href=\"https:\/\/editionscle.com\/523-philippe-viguier\">Philippe Viguier <\/a>disponible dans notre <a href=\"https:\/\/editionscle.com\/\">boutique <\/a>ou chez votre libraire<\/p>\n<\/div><\/div>\n","protected":false},"excerpt":{"rendered":"<p>L\u2019ascension de Christ et l\u2019\u00e9merveillement des premiers chr\u00e9tiens Et tous le reconnaissent, le myst\u00e8re de la pi\u00e9t\u00e9 est grand&nbsp;: Dieu est apparu comme un homme, sa justice a \u00e9t\u00e9 r\u00e9v\u00e9l\u00e9e par l\u2019Esprit, il a \u00e9t\u00e9 vu des anges, proclam\u00e9 parmi les nations, on a cru en lui dans le monde, il a \u00e9t\u00e9 \u00e9lev\u00e9 dans [&hellip;]<\/p>\n","protected":false},"author":1,"featured_media":3156,"comment_status":"open","ping_status":"open","sticky":false,"template":"","format":"standard","meta":{"footnotes":""},"categories":[4,72,68],"tags":[203],"class_list":["post-3155","post","type-post","status-publish","format-standard","has-post-thumbnail","hentry","category-actualite","category-articles","category-extrait","tag-semerveiller-de-lascension"],"yoast_head":"<!-- This site is optimized with the Yoast SEO plugin v27.4 - https:\/\/yoast.com\/product\/yoast-seo-wordpress\/ -->\n<title>\u00abL\u2019ascension de Christ et l\u2019\u00e9merveillement des premiers chr\u00e9tiens\u00bb extrait du livre de Philippe Viguier publi\u00e9 aux \u00c9ditions Cl\u00e9 - Blog des \u00c9ditions Cl\u00e9<\/title>\n<meta name=\"robots\" content=\"index, follow, max-snippet:-1, max-image-preview:large, max-video-preview:-1\" \/>\n<link rel=\"canonical\" href=\"https:\/\/blogs.editionscle.com\/blogcle\/lascension-de-christ-et-lemerveillement-des-premiers-chretiens-extrait-du-livre-de-philippe-viguier-publie-aux-editions-cle\/\" \/>\n<meta property=\"og:locale\" content=\"fr_FR\" \/>\n<meta property=\"og:type\" content=\"article\" \/>\n<meta property=\"og:title\" content=\"\u00abL\u2019ascension de Christ et l\u2019\u00e9merveillement des premiers chr\u00e9tiens\u00bb extrait du livre de Philippe Viguier publi\u00e9 aux \u00c9ditions Cl\u00e9 - Blog des \u00c9ditions Cl\u00e9\" \/>\n<meta property=\"og:description\" content=\"L\u2019ascension de Christ et l\u2019\u00e9merveillement des premiers chr\u00e9tiens Et tous le reconnaissent, le myst\u00e8re de la pi\u00e9t\u00e9 est grand&nbsp;: Dieu est apparu comme un homme, sa justice a \u00e9t\u00e9 r\u00e9v\u00e9l\u00e9e par l\u2019Esprit, il a \u00e9t\u00e9 vu des anges, proclam\u00e9 parmi les nations, on a cru en lui dans le monde, il a \u00e9t\u00e9 \u00e9lev\u00e9 dans [&hellip;]\" \/>\n<meta property=\"og:url\" content=\"https:\/\/blogs.editionscle.com\/blogcle\/lascension-de-christ-et-lemerveillement-des-premiers-chretiens-extrait-du-livre-de-philippe-viguier-publie-aux-editions-cle\/\" \/>\n<meta property=\"og:site_name\" content=\"Blog des \u00c9ditions Cl\u00e9\" \/>\n<meta property=\"article:publisher\" content=\"https:\/\/www.facebook.com\/editionscle\" \/>\n<meta property=\"article:published_time\" content=\"2024-04-08T08:17:21+00:00\" \/>\n<meta property=\"article:modified_time\" content=\"2024-04-08T12:57:15+00:00\" \/>\n<meta property=\"og:image\" content=\"https:\/\/blogs.editionscle.com\/blogcle\/wp-content\/uploads\/sites\/2\/2024\/04\/ASC-blog-1.jpg\" \/>\n\t<meta property=\"og:image:width\" content=\"675\" \/>\n\t<meta property=\"og:image:height\" content=\"730\" \/>\n\t<meta property=\"og:image:type\" content=\"image\/jpeg\" \/>\n<meta name=\"author\" content=\"\u00c9ditions Cl\u00e9\" \/>\n<meta name=\"twitter:card\" content=\"summary_large_image\" \/>\n<meta name=\"twitter:creator\" content=\"@editionscle\" \/>\n<meta name=\"twitter:site\" content=\"@editionscle\" \/>\n<meta name=\"twitter:label1\" content=\"\u00c9crit par\" \/>\n\t<meta name=\"twitter:data1\" content=\"\u00c9ditions Cl\u00e9\" \/>\n\t<meta name=\"twitter:label2\" content=\"Dur\u00e9e de lecture estim\u00e9e\" \/>\n\t<meta name=\"twitter:data2\" content=\"20 minutes\" \/>\n<script type=\"application\/ld+json\" class=\"yoast-schema-graph\">{\"@context\":\"https:\\\/\\\/schema.org\",\"@graph\":[{\"@type\":\"Article\",\"@id\":\"https:\\\/\\\/blogs.editionscle.com\\\/blogcle\\\/lascension-de-christ-et-lemerveillement-des-premiers-chretiens-extrait-du-livre-de-philippe-viguier-publie-aux-editions-cle\\\/#article\",\"isPartOf\":{\"@id\":\"https:\\\/\\\/blogs.editionscle.com\\\/blogcle\\\/lascension-de-christ-et-lemerveillement-des-premiers-chretiens-extrait-du-livre-de-philippe-viguier-publie-aux-editions-cle\\\/\"},\"author\":{\"name\":\"\u00c9ditions Cl\u00e9\",\"@id\":\"https:\\\/\\\/blogs.editionscle.com\\\/blogcle\\\/#\\\/schema\\\/person\\\/6f614e2cdd8aac468261bff8219ca7a0\"},\"headline\":\"\u00abL\u2019ascension de Christ et l\u2019\u00e9merveillement des premiers chr\u00e9tiens\u00bb extrait du livre de Philippe Viguier publi\u00e9 aux \u00c9ditions Cl\u00e9\",\"datePublished\":\"2024-04-08T08:17:21+00:00\",\"dateModified\":\"2024-04-08T12:57:15+00:00\",\"mainEntityOfPage\":{\"@id\":\"https:\\\/\\\/blogs.editionscle.com\\\/blogcle\\\/lascension-de-christ-et-lemerveillement-des-premiers-chretiens-extrait-du-livre-de-philippe-viguier-publie-aux-editions-cle\\\/\"},\"wordCount\":4933,\"commentCount\":0,\"publisher\":{\"@id\":\"https:\\\/\\\/blogs.editionscle.com\\\/blogcle\\\/#organization\"},\"image\":{\"@id\":\"https:\\\/\\\/blogs.editionscle.com\\\/blogcle\\\/lascension-de-christ-et-lemerveillement-des-premiers-chretiens-extrait-du-livre-de-philippe-viguier-publie-aux-editions-cle\\\/#primaryimage\"},\"thumbnailUrl\":\"https:\\\/\\\/blogs.editionscle.com\\\/blogcle\\\/wp-content\\\/uploads\\\/sites\\\/2\\\/2024\\\/04\\\/ASC-blog-1.jpg\",\"keywords\":[\"s'\u00e9merveiller de l'ascension\"],\"articleSection\":[\"Actualit\u00e9\",\"Articles\",\"Extrait\"],\"inLanguage\":\"fr-FR\",\"potentialAction\":[{\"@type\":\"CommentAction\",\"name\":\"Comment\",\"target\":[\"https:\\\/\\\/blogs.editionscle.com\\\/blogcle\\\/lascension-de-christ-et-lemerveillement-des-premiers-chretiens-extrait-du-livre-de-philippe-viguier-publie-aux-editions-cle\\\/#respond\"]}]},{\"@type\":\"WebPage\",\"@id\":\"https:\\\/\\\/blogs.editionscle.com\\\/blogcle\\\/lascension-de-christ-et-lemerveillement-des-premiers-chretiens-extrait-du-livre-de-philippe-viguier-publie-aux-editions-cle\\\/\",\"url\":\"https:\\\/\\\/blogs.editionscle.com\\\/blogcle\\\/lascension-de-christ-et-lemerveillement-des-premiers-chretiens-extrait-du-livre-de-philippe-viguier-publie-aux-editions-cle\\\/\",\"name\":\"\u00abL\u2019ascension de Christ et l\u2019\u00e9merveillement des premiers chr\u00e9tiens\u00bb extrait du livre de Philippe Viguier publi\u00e9 aux \u00c9ditions Cl\u00e9 - Blog des \u00c9ditions Cl\u00e9\",\"isPartOf\":{\"@id\":\"https:\\\/\\\/blogs.editionscle.com\\\/blogcle\\\/#website\"},\"primaryImageOfPage\":{\"@id\":\"https:\\\/\\\/blogs.editionscle.com\\\/blogcle\\\/lascension-de-christ-et-lemerveillement-des-premiers-chretiens-extrait-du-livre-de-philippe-viguier-publie-aux-editions-cle\\\/#primaryimage\"},\"image\":{\"@id\":\"https:\\\/\\\/blogs.editionscle.com\\\/blogcle\\\/lascension-de-christ-et-lemerveillement-des-premiers-chretiens-extrait-du-livre-de-philippe-viguier-publie-aux-editions-cle\\\/#primaryimage\"},\"thumbnailUrl\":\"https:\\\/\\\/blogs.editionscle.com\\\/blogcle\\\/wp-content\\\/uploads\\\/sites\\\/2\\\/2024\\\/04\\\/ASC-blog-1.jpg\",\"datePublished\":\"2024-04-08T08:17:21+00:00\",\"dateModified\":\"2024-04-08T12:57:15+00:00\",\"breadcrumb\":{\"@id\":\"https:\\\/\\\/blogs.editionscle.com\\\/blogcle\\\/lascension-de-christ-et-lemerveillement-des-premiers-chretiens-extrait-du-livre-de-philippe-viguier-publie-aux-editions-cle\\\/#breadcrumb\"},\"inLanguage\":\"fr-FR\",\"potentialAction\":[{\"@type\":\"ReadAction\",\"target\":[\"https:\\\/\\\/blogs.editionscle.com\\\/blogcle\\\/lascension-de-christ-et-lemerveillement-des-premiers-chretiens-extrait-du-livre-de-philippe-viguier-publie-aux-editions-cle\\\/\"]}]},{\"@type\":\"ImageObject\",\"inLanguage\":\"fr-FR\",\"@id\":\"https:\\\/\\\/blogs.editionscle.com\\\/blogcle\\\/lascension-de-christ-et-lemerveillement-des-premiers-chretiens-extrait-du-livre-de-philippe-viguier-publie-aux-editions-cle\\\/#primaryimage\",\"url\":\"https:\\\/\\\/blogs.editionscle.com\\\/blogcle\\\/wp-content\\\/uploads\\\/sites\\\/2\\\/2024\\\/04\\\/ASC-blog-1.jpg\",\"contentUrl\":\"https:\\\/\\\/blogs.editionscle.com\\\/blogcle\\\/wp-content\\\/uploads\\\/sites\\\/2\\\/2024\\\/04\\\/ASC-blog-1.jpg\",\"width\":675,\"height\":730},{\"@type\":\"BreadcrumbList\",\"@id\":\"https:\\\/\\\/blogs.editionscle.com\\\/blogcle\\\/lascension-de-christ-et-lemerveillement-des-premiers-chretiens-extrait-du-livre-de-philippe-viguier-publie-aux-editions-cle\\\/#breadcrumb\",\"itemListElement\":[{\"@type\":\"ListItem\",\"position\":1,\"name\":\"Accueil\",\"item\":\"https:\\\/\\\/blogs.editionscle.com\\\/blogcle\\\/\"},{\"@type\":\"ListItem\",\"position\":2,\"name\":\"\u00abL\u2019ascension de Christ et l\u2019\u00e9merveillement des premiers chr\u00e9tiens\u00bb extrait du livre de Philippe Viguier publi\u00e9 aux \u00c9ditions Cl\u00e9\"}]},{\"@type\":\"WebSite\",\"@id\":\"https:\\\/\\\/blogs.editionscle.com\\\/blogcle\\\/#website\",\"url\":\"https:\\\/\\\/blogs.editionscle.com\\\/blogcle\\\/\",\"name\":\"Blog des \u00c9ditions Cl\u00e9\",\"description\":\"Livres et logiciels pour comprendre la Bible\",\"publisher\":{\"@id\":\"https:\\\/\\\/blogs.editionscle.com\\\/blogcle\\\/#organization\"},\"potentialAction\":[{\"@type\":\"SearchAction\",\"target\":{\"@type\":\"EntryPoint\",\"urlTemplate\":\"https:\\\/\\\/blogs.editionscle.com\\\/blogcle\\\/?s={search_term_string}\"},\"query-input\":{\"@type\":\"PropertyValueSpecification\",\"valueRequired\":true,\"valueName\":\"search_term_string\"}}],\"inLanguage\":\"fr-FR\"},{\"@type\":\"Organization\",\"@id\":\"https:\\\/\\\/blogs.editionscle.com\\\/blogcle\\\/#organization\",\"name\":\"Editions Cl\u00e9\",\"url\":\"https:\\\/\\\/blogs.editionscle.com\\\/blogcle\\\/\",\"logo\":{\"@type\":\"ImageObject\",\"inLanguage\":\"fr-FR\",\"@id\":\"https:\\\/\\\/blogs.editionscle.com\\\/blogcle\\\/#\\\/schema\\\/logo\\\/image\\\/\",\"url\":\"https:\\\/\\\/blogs.editionscle.com\\\/blogcle\\\/wp-content\\\/uploads\\\/sites\\\/2\\\/2018\\\/03\\\/Profil_facebookcle.png\",\"contentUrl\":\"https:\\\/\\\/blogs.editionscle.com\\\/blogcle\\\/wp-content\\\/uploads\\\/sites\\\/2\\\/2018\\\/03\\\/Profil_facebookcle.png\",\"width\":375,\"height\":375,\"caption\":\"Editions Cl\u00e9\"},\"image\":{\"@id\":\"https:\\\/\\\/blogs.editionscle.com\\\/blogcle\\\/#\\\/schema\\\/logo\\\/image\\\/\"},\"sameAs\":[\"https:\\\/\\\/www.facebook.com\\\/editionscle\",\"https:\\\/\\\/x.com\\\/editionscle\",\"https:\\\/\\\/www.youtube.com\\\/user\\\/EditionsCle\"]},{\"@type\":\"Person\",\"@id\":\"https:\\\/\\\/blogs.editionscle.com\\\/blogcle\\\/#\\\/schema\\\/person\\\/6f614e2cdd8aac468261bff8219ca7a0\",\"name\":\"\u00c9ditions Cl\u00e9\",\"description\":\"\u00c9ditions Cl\u00e9\",\"sameAs\":[\"https:\\\/\\\/editionscle.com\"]}]}<\/script>\n<!-- \/ Yoast SEO plugin. -->","yoast_head_json":{"title":"\u00abL\u2019ascension de Christ et l\u2019\u00e9merveillement des premiers chr\u00e9tiens\u00bb extrait du livre de Philippe Viguier publi\u00e9 aux \u00c9ditions Cl\u00e9 - Blog des \u00c9ditions Cl\u00e9","robots":{"index":"index","follow":"follow","max-snippet":"max-snippet:-1","max-image-preview":"max-image-preview:large","max-video-preview":"max-video-preview:-1"},"canonical":"https:\/\/blogs.editionscle.com\/blogcle\/lascension-de-christ-et-lemerveillement-des-premiers-chretiens-extrait-du-livre-de-philippe-viguier-publie-aux-editions-cle\/","og_locale":"fr_FR","og_type":"article","og_title":"\u00abL\u2019ascension de Christ et l\u2019\u00e9merveillement des premiers chr\u00e9tiens\u00bb extrait du livre de Philippe Viguier publi\u00e9 aux \u00c9ditions Cl\u00e9 - Blog des \u00c9ditions Cl\u00e9","og_description":"L\u2019ascension de Christ et l\u2019\u00e9merveillement des premiers chr\u00e9tiens Et tous le reconnaissent, le myst\u00e8re de la pi\u00e9t\u00e9 est grand&nbsp;: Dieu est apparu comme un homme, sa justice a \u00e9t\u00e9 r\u00e9v\u00e9l\u00e9e par l\u2019Esprit, il a \u00e9t\u00e9 vu des anges, proclam\u00e9 parmi les nations, on a cru en lui dans le monde, il a \u00e9t\u00e9 \u00e9lev\u00e9 dans [&hellip;]","og_url":"https:\/\/blogs.editionscle.com\/blogcle\/lascension-de-christ-et-lemerveillement-des-premiers-chretiens-extrait-du-livre-de-philippe-viguier-publie-aux-editions-cle\/","og_site_name":"Blog des \u00c9ditions Cl\u00e9","article_publisher":"https:\/\/www.facebook.com\/editionscle","article_published_time":"2024-04-08T08:17:21+00:00","article_modified_time":"2024-04-08T12:57:15+00:00","og_image":[{"width":675,"height":730,"url":"https:\/\/blogs.editionscle.com\/blogcle\/wp-content\/uploads\/sites\/2\/2024\/04\/ASC-blog-1.jpg","type":"image\/jpeg"}],"author":"\u00c9ditions Cl\u00e9","twitter_card":"summary_large_image","twitter_creator":"@editionscle","twitter_site":"@editionscle","twitter_misc":{"\u00c9crit par":"\u00c9ditions Cl\u00e9","Dur\u00e9e de lecture estim\u00e9e":"20 minutes"},"schema":{"@context":"https:\/\/schema.org","@graph":[{"@type":"Article","@id":"https:\/\/blogs.editionscle.com\/blogcle\/lascension-de-christ-et-lemerveillement-des-premiers-chretiens-extrait-du-livre-de-philippe-viguier-publie-aux-editions-cle\/#article","isPartOf":{"@id":"https:\/\/blogs.editionscle.com\/blogcle\/lascension-de-christ-et-lemerveillement-des-premiers-chretiens-extrait-du-livre-de-philippe-viguier-publie-aux-editions-cle\/"},"author":{"name":"\u00c9ditions Cl\u00e9","@id":"https:\/\/blogs.editionscle.com\/blogcle\/#\/schema\/person\/6f614e2cdd8aac468261bff8219ca7a0"},"headline":"\u00abL\u2019ascension de Christ et l\u2019\u00e9merveillement des premiers chr\u00e9tiens\u00bb extrait du livre de Philippe Viguier publi\u00e9 aux \u00c9ditions Cl\u00e9","datePublished":"2024-04-08T08:17:21+00:00","dateModified":"2024-04-08T12:57:15+00:00","mainEntityOfPage":{"@id":"https:\/\/blogs.editionscle.com\/blogcle\/lascension-de-christ-et-lemerveillement-des-premiers-chretiens-extrait-du-livre-de-philippe-viguier-publie-aux-editions-cle\/"},"wordCount":4933,"commentCount":0,"publisher":{"@id":"https:\/\/blogs.editionscle.com\/blogcle\/#organization"},"image":{"@id":"https:\/\/blogs.editionscle.com\/blogcle\/lascension-de-christ-et-lemerveillement-des-premiers-chretiens-extrait-du-livre-de-philippe-viguier-publie-aux-editions-cle\/#primaryimage"},"thumbnailUrl":"https:\/\/blogs.editionscle.com\/blogcle\/wp-content\/uploads\/sites\/2\/2024\/04\/ASC-blog-1.jpg","keywords":["s'\u00e9merveiller de l'ascension"],"articleSection":["Actualit\u00e9","Articles","Extrait"],"inLanguage":"fr-FR","potentialAction":[{"@type":"CommentAction","name":"Comment","target":["https:\/\/blogs.editionscle.com\/blogcle\/lascension-de-christ-et-lemerveillement-des-premiers-chretiens-extrait-du-livre-de-philippe-viguier-publie-aux-editions-cle\/#respond"]}]},{"@type":"WebPage","@id":"https:\/\/blogs.editionscle.com\/blogcle\/lascension-de-christ-et-lemerveillement-des-premiers-chretiens-extrait-du-livre-de-philippe-viguier-publie-aux-editions-cle\/","url":"https:\/\/blogs.editionscle.com\/blogcle\/lascension-de-christ-et-lemerveillement-des-premiers-chretiens-extrait-du-livre-de-philippe-viguier-publie-aux-editions-cle\/","name":"\u00abL\u2019ascension de Christ et l\u2019\u00e9merveillement des premiers chr\u00e9tiens\u00bb extrait du livre de Philippe Viguier publi\u00e9 aux \u00c9ditions Cl\u00e9 - Blog des \u00c9ditions Cl\u00e9","isPartOf":{"@id":"https:\/\/blogs.editionscle.com\/blogcle\/#website"},"primaryImageOfPage":{"@id":"https:\/\/blogs.editionscle.com\/blogcle\/lascension-de-christ-et-lemerveillement-des-premiers-chretiens-extrait-du-livre-de-philippe-viguier-publie-aux-editions-cle\/#primaryimage"},"image":{"@id":"https:\/\/blogs.editionscle.com\/blogcle\/lascension-de-christ-et-lemerveillement-des-premiers-chretiens-extrait-du-livre-de-philippe-viguier-publie-aux-editions-cle\/#primaryimage"},"thumbnailUrl":"https:\/\/blogs.editionscle.com\/blogcle\/wp-content\/uploads\/sites\/2\/2024\/04\/ASC-blog-1.jpg","datePublished":"2024-04-08T08:17:21+00:00","dateModified":"2024-04-08T12:57:15+00:00","breadcrumb":{"@id":"https:\/\/blogs.editionscle.com\/blogcle\/lascension-de-christ-et-lemerveillement-des-premiers-chretiens-extrait-du-livre-de-philippe-viguier-publie-aux-editions-cle\/#breadcrumb"},"inLanguage":"fr-FR","potentialAction":[{"@type":"ReadAction","target":["https:\/\/blogs.editionscle.com\/blogcle\/lascension-de-christ-et-lemerveillement-des-premiers-chretiens-extrait-du-livre-de-philippe-viguier-publie-aux-editions-cle\/"]}]},{"@type":"ImageObject","inLanguage":"fr-FR","@id":"https:\/\/blogs.editionscle.com\/blogcle\/lascension-de-christ-et-lemerveillement-des-premiers-chretiens-extrait-du-livre-de-philippe-viguier-publie-aux-editions-cle\/#primaryimage","url":"https:\/\/blogs.editionscle.com\/blogcle\/wp-content\/uploads\/sites\/2\/2024\/04\/ASC-blog-1.jpg","contentUrl":"https:\/\/blogs.editionscle.com\/blogcle\/wp-content\/uploads\/sites\/2\/2024\/04\/ASC-blog-1.jpg","width":675,"height":730},{"@type":"BreadcrumbList","@id":"https:\/\/blogs.editionscle.com\/blogcle\/lascension-de-christ-et-lemerveillement-des-premiers-chretiens-extrait-du-livre-de-philippe-viguier-publie-aux-editions-cle\/#breadcrumb","itemListElement":[{"@type":"ListItem","position":1,"name":"Accueil","item":"https:\/\/blogs.editionscle.com\/blogcle\/"},{"@type":"ListItem","position":2,"name":"\u00abL\u2019ascension de Christ et l\u2019\u00e9merveillement des premiers chr\u00e9tiens\u00bb extrait du livre de Philippe Viguier publi\u00e9 aux \u00c9ditions Cl\u00e9"}]},{"@type":"WebSite","@id":"https:\/\/blogs.editionscle.com\/blogcle\/#website","url":"https:\/\/blogs.editionscle.com\/blogcle\/","name":"Blog des \u00c9ditions Cl\u00e9","description":"Livres et logiciels pour comprendre la Bible","publisher":{"@id":"https:\/\/blogs.editionscle.com\/blogcle\/#organization"},"potentialAction":[{"@type":"SearchAction","target":{"@type":"EntryPoint","urlTemplate":"https:\/\/blogs.editionscle.com\/blogcle\/?s={search_term_string}"},"query-input":{"@type":"PropertyValueSpecification","valueRequired":true,"valueName":"search_term_string"}}],"inLanguage":"fr-FR"},{"@type":"Organization","@id":"https:\/\/blogs.editionscle.com\/blogcle\/#organization","name":"Editions Cl\u00e9","url":"https:\/\/blogs.editionscle.com\/blogcle\/","logo":{"@type":"ImageObject","inLanguage":"fr-FR","@id":"https:\/\/blogs.editionscle.com\/blogcle\/#\/schema\/logo\/image\/","url":"https:\/\/blogs.editionscle.com\/blogcle\/wp-content\/uploads\/sites\/2\/2018\/03\/Profil_facebookcle.png","contentUrl":"https:\/\/blogs.editionscle.com\/blogcle\/wp-content\/uploads\/sites\/2\/2018\/03\/Profil_facebookcle.png","width":375,"height":375,"caption":"Editions Cl\u00e9"},"image":{"@id":"https:\/\/blogs.editionscle.com\/blogcle\/#\/schema\/logo\/image\/"},"sameAs":["https:\/\/www.facebook.com\/editionscle","https:\/\/x.com\/editionscle","https:\/\/www.youtube.com\/user\/EditionsCle"]},{"@type":"Person","@id":"https:\/\/blogs.editionscle.com\/blogcle\/#\/schema\/person\/6f614e2cdd8aac468261bff8219ca7a0","name":"\u00c9ditions Cl\u00e9","description":"\u00c9ditions Cl\u00e9","sameAs":["https:\/\/editionscle.com"]}]}},"_links":{"self":[{"href":"https:\/\/blogs.editionscle.com\/blogcle\/wp-json\/wp\/v2\/posts\/3155","targetHints":{"allow":["GET"]}}],"collection":[{"href":"https:\/\/blogs.editionscle.com\/blogcle\/wp-json\/wp\/v2\/posts"}],"about":[{"href":"https:\/\/blogs.editionscle.com\/blogcle\/wp-json\/wp\/v2\/types\/post"}],"author":[{"embeddable":true,"href":"https:\/\/blogs.editionscle.com\/blogcle\/wp-json\/wp\/v2\/users\/1"}],"replies":[{"embeddable":true,"href":"https:\/\/blogs.editionscle.com\/blogcle\/wp-json\/wp\/v2\/comments?post=3155"}],"version-history":[{"count":10,"href":"https:\/\/blogs.editionscle.com\/blogcle\/wp-json\/wp\/v2\/posts\/3155\/revisions"}],"predecessor-version":[{"id":3189,"href":"https:\/\/blogs.editionscle.com\/blogcle\/wp-json\/wp\/v2\/posts\/3155\/revisions\/3189"}],"wp:featuredmedia":[{"embeddable":true,"href":"https:\/\/blogs.editionscle.com\/blogcle\/wp-json\/wp\/v2\/media\/3156"}],"wp:attachment":[{"href":"https:\/\/blogs.editionscle.com\/blogcle\/wp-json\/wp\/v2\/media?parent=3155"}],"wp:term":[{"taxonomy":"category","embeddable":true,"href":"https:\/\/blogs.editionscle.com\/blogcle\/wp-json\/wp\/v2\/categories?post=3155"},{"taxonomy":"post_tag","embeddable":true,"href":"https:\/\/blogs.editionscle.com\/blogcle\/wp-json\/wp\/v2\/tags?post=3155"}],"curies":[{"name":"wp","href":"https:\/\/api.w.org\/{rel}","templated":true}]}}