{"id":3249,"date":"2024-07-22T14:00:00","date_gmt":"2024-07-22T12:00:00","guid":{"rendered":"https:\/\/blogs.editionscle.com\/blogcle\/?p=3249"},"modified":"2025-10-21T10:35:23","modified_gmt":"2025-10-21T08:35:23","slug":"reco-de-lete-n3-deux-perspectives-sur-le-millenium","status":"publish","type":"post","link":"https:\/\/blogs.editionscle.com\/blogcle\/reco-de-lete-n3-deux-perspectives-sur-le-millenium\/","title":{"rendered":"[RECO DE L&rsquo;ETE] n\u00b03 &#8211; Deux perspectives sur le mill\u00e9nium"},"content":{"rendered":"<div class=\"wp-block-image\">\n<figure class=\"aligncenter size-large is-resized\"><img loading=\"lazy\" decoding=\"async\" width=\"1024\" height=\"576\" src=\"https:\/\/blogs.editionscle.com\/blogcle\/wp-content\/uploads\/sites\/2\/2024\/06\/reco-de-lete-Presentation-2-1024x576.png\" alt=\"\" class=\"wp-image-3252\" style=\"width:681px;height:auto\" srcset=\"https:\/\/blogs.editionscle.com\/blogcle\/wp-content\/uploads\/sites\/2\/2024\/06\/reco-de-lete-Presentation-2-1024x576.png 1024w, https:\/\/blogs.editionscle.com\/blogcle\/wp-content\/uploads\/sites\/2\/2024\/06\/reco-de-lete-Presentation-2-300x169.png 300w, https:\/\/blogs.editionscle.com\/blogcle\/wp-content\/uploads\/sites\/2\/2024\/06\/reco-de-lete-Presentation-2-768x432.png 768w, https:\/\/blogs.editionscle.com\/blogcle\/wp-content\/uploads\/sites\/2\/2024\/06\/reco-de-lete-Presentation-2-1536x864.png 1536w, https:\/\/blogs.editionscle.com\/blogcle\/wp-content\/uploads\/sites\/2\/2024\/06\/reco-de-lete-Presentation-2-110x62.png 110w, https:\/\/blogs.editionscle.com\/blogcle\/wp-content\/uploads\/sites\/2\/2024\/06\/reco-de-lete-Presentation-2-420x236.png 420w, https:\/\/blogs.editionscle.com\/blogcle\/wp-content\/uploads\/sites\/2\/2024\/06\/reco-de-lete-Presentation-2-764x430.png 764w, https:\/\/blogs.editionscle.com\/blogcle\/wp-content\/uploads\/sites\/2\/2024\/06\/reco-de-lete-Presentation-2.png 1920w\" sizes=\"auto, (max-width: 1024px) 100vw, 1024px\" \/><\/figure>\n<\/div>\n\n\n<p>Cette semaine, je vous propose un peu de r\u00e9flexions \u00e0 ajouter \u00e0 vos lectures estivales avec Deux perspectives sur le mill\u00e9nium. <\/p>\n\n\n<div class=\"wp-block-image\">\n<figure class=\"aligncenter size-large is-resized\"><img loading=\"lazy\" decoding=\"async\" width=\"683\" height=\"1024\" src=\"https:\/\/blogs.editionscle.com\/blogcle\/wp-content\/uploads\/sites\/2\/2024\/06\/0149.ip_.cadre_-683x1024.jpg\" alt=\"\" class=\"wp-image-3250\" style=\"width:249px;height:auto\" srcset=\"https:\/\/blogs.editionscle.com\/blogcle\/wp-content\/uploads\/sites\/2\/2024\/06\/0149.ip_.cadre_-683x1024.jpg 683w, https:\/\/blogs.editionscle.com\/blogcle\/wp-content\/uploads\/sites\/2\/2024\/06\/0149.ip_.cadre_-200x300.jpg 200w, https:\/\/blogs.editionscle.com\/blogcle\/wp-content\/uploads\/sites\/2\/2024\/06\/0149.ip_.cadre_-140x210.jpg 140w, https:\/\/blogs.editionscle.com\/blogcle\/wp-content\/uploads\/sites\/2\/2024\/06\/0149.ip_.cadre_-73x110.jpg 73w, https:\/\/blogs.editionscle.com\/blogcle\/wp-content\/uploads\/sites\/2\/2024\/06\/0149.ip_.cadre_-280x420.jpg 280w, https:\/\/blogs.editionscle.com\/blogcle\/wp-content\/uploads\/sites\/2\/2024\/06\/0149.ip_.cadre_-287x430.jpg 287w, https:\/\/blogs.editionscle.com\/blogcle\/wp-content\/uploads\/sites\/2\/2024\/06\/0149.ip_.cadre_.jpg 700w\" sizes=\"auto, (max-width: 683px) 100vw, 683px\" \/><\/figure>\n<\/div>\n\n\n<p>La fin des temps est un sujet controvers\u00e9 dans le monde \u00e9vang\u00e9lique, avec deux positions principales : l&rsquo;amill\u00e9narisme et le pr\u00e9mill\u00e9narisme. Pascal Denault et Florent Varak pr\u00e9sentent les deux perspectives et offrent un d\u00e9bat anim\u00e9, argument\u00e9 et biblique sur ce sujet.<\/p>\n\n\n\n<p>Ce livre s\u2019adresse aux chr\u00e9tiens avertis et d\u00e9sireux d\u2019approfondir la question. Pour comprendre les deux principales interpr\u00e9tations du mill\u00e9nium au sein du monde \u00e9vang\u00e9lique.<\/p>\n\n\n\n<ul class=\"wp-block-list\">\n<li>Pour approfondir vos connaissances sur l\u2019eschatologie et la chronologie des \u00e9v\u00e8nements pr\u00e9c\u00e9dant le retour du Seigneur.<\/li>\n\n\n\n<li>Pour d\u00e9couvrir les arguments des tenants d\u2019une position diff\u00e9rente de la v\u00f4tre.<\/li>\n\n\n\n<li>Pour d\u00e9couvrir que des divergences existent dans le monde \u00e9vang\u00e9lique sur des questions eschatologiques sans que cela ne rime avec conflit ou h\u00e9r\u00e9sie.<\/li>\n<\/ul>\n\n\n\n<p>Alors n\u2019attendez plus, 126 pages, facile \u00e0 lire et \u00e0 ajouter vos lectures estivales.<\/p>\n\n\n\n<hr class=\"wp-block-separator has-alpha-channel-opacity is-style-dots\"\/>\n\n\n<div class=\"wp-block-image\">\n<figure class=\"aligncenter size-large\"><a href=\"https:\/\/editionscle.com\/accueil\/328-deux-perspectives-sur-le-mill%C3%A9nium-9782358431491.html\"><img loading=\"lazy\" decoding=\"async\" width=\"1024\" height=\"314\" src=\"https:\/\/blogs.editionscle.com\/blogcle\/wp-content\/uploads\/sites\/2\/2024\/06\/slider_P1AP_1110x340_RVB-1024x314.png\" alt=\"\" class=\"wp-image-3251\" srcset=\"https:\/\/blogs.editionscle.com\/blogcle\/wp-content\/uploads\/sites\/2\/2024\/06\/slider_P1AP_1110x340_RVB-1024x314.png 1024w, https:\/\/blogs.editionscle.com\/blogcle\/wp-content\/uploads\/sites\/2\/2024\/06\/slider_P1AP_1110x340_RVB-300x92.png 300w, https:\/\/blogs.editionscle.com\/blogcle\/wp-content\/uploads\/sites\/2\/2024\/06\/slider_P1AP_1110x340_RVB-768x235.png 768w, https:\/\/blogs.editionscle.com\/blogcle\/wp-content\/uploads\/sites\/2\/2024\/06\/slider_P1AP_1110x340_RVB-110x34.png 110w, https:\/\/blogs.editionscle.com\/blogcle\/wp-content\/uploads\/sites\/2\/2024\/06\/slider_P1AP_1110x340_RVB-420x129.png 420w, https:\/\/blogs.editionscle.com\/blogcle\/wp-content\/uploads\/sites\/2\/2024\/06\/slider_P1AP_1110x340_RVB-770x236.png 770w, https:\/\/blogs.editionscle.com\/blogcle\/wp-content\/uploads\/sites\/2\/2024\/06\/slider_P1AP_1110x340_RVB.png 1110w\" sizes=\"auto, (max-width: 1024px) 100vw, 1024px\" \/><\/a><\/figure>\n<\/div>","protected":false},"excerpt":{"rendered":"<p>Cette semaine, je vous propose un peu de r\u00e9flexions \u00e0 ajouter \u00e0 vos lectures estivales avec Deux perspectives sur le mill\u00e9nium. La fin des temps est un sujet controvers\u00e9 dans le monde \u00e9vang\u00e9lique, avec deux positions principales : l&rsquo;amill\u00e9narisme et le pr\u00e9mill\u00e9narisme. Pascal Denault et Florent Varak pr\u00e9sentent les deux perspectives et offrent un d\u00e9bat [&hellip;]<\/p>\n","protected":false},"author":1,"featured_media":3242,"comment_status":"open","ping_status":"open","sticky":false,"template":"","format":"standard","meta":{"footnotes":""},"categories":[1],"tags":[],"class_list":["post-3249","post","type-post","status-publish","format-standard","has-post-thumbnail","hentry","category-non-classe"],"yoast_head":"<!-- This site is optimized with the Yoast SEO plugin v27.4 - https:\/\/yoast.com\/product\/yoast-seo-wordpress\/ -->\n<title>[RECO DE L&#039;ETE] n\u00b03 - Deux perspectives sur le mill\u00e9nium - Blog des \u00c9ditions Cl\u00e9<\/title>\n<meta name=\"robots\" content=\"index, follow, max-snippet:-1, max-image-preview:large, max-video-preview:-1\" \/>\n<link rel=\"canonical\" href=\"https:\/\/blogs.editionscle.com\/blogcle\/reco-de-lete-n3-deux-perspectives-sur-le-millenium\/\" \/>\n<meta property=\"og:locale\" content=\"fr_FR\" \/>\n<meta property=\"og:type\" content=\"article\" \/>\n<meta property=\"og:title\" content=\"[RECO DE L&#039;ETE] n\u00b03 - Deux perspectives sur le mill\u00e9nium - Blog des \u00c9ditions Cl\u00e9\" \/>\n<meta property=\"og:description\" content=\"Cette semaine, je vous propose un peu de r\u00e9flexions \u00e0 ajouter \u00e0 vos lectures estivales avec Deux perspectives sur le mill\u00e9nium. La fin des temps est un sujet controvers\u00e9 dans le monde \u00e9vang\u00e9lique, avec deux positions principales : l&rsquo;amill\u00e9narisme et le pr\u00e9mill\u00e9narisme. Pascal Denault et Florent Varak pr\u00e9sentent les deux perspectives et offrent un d\u00e9bat [&hellip;]\" \/>\n<meta property=\"og:url\" content=\"https:\/\/blogs.editionscle.com\/blogcle\/reco-de-lete-n3-deux-perspectives-sur-le-millenium\/\" \/>\n<meta property=\"og:site_name\" content=\"Blog des \u00c9ditions Cl\u00e9\" \/>\n<meta property=\"article:publisher\" content=\"https:\/\/www.facebook.com\/editionscle\" \/>\n<meta property=\"article:published_time\" content=\"2024-07-22T12:00:00+00:00\" \/>\n<meta property=\"article:modified_time\" content=\"2025-10-21T08:35:23+00:00\" \/>\n<meta property=\"og:image\" content=\"https:\/\/blogs.editionscle.com\/blogcle\/wp-content\/uploads\/sites\/2\/2024\/06\/reco-de-lete.png\" \/>\n\t<meta property=\"og:image:width\" content=\"1080\" \/>\n\t<meta property=\"og:image:height\" content=\"1080\" \/>\n\t<meta property=\"og:image:type\" content=\"image\/png\" \/>\n<meta name=\"author\" content=\"\u00c9ditions Cl\u00e9\" \/>\n<meta name=\"twitter:card\" content=\"summary_large_image\" \/>\n<meta name=\"twitter:creator\" content=\"@editionscle\" \/>\n<meta name=\"twitter:site\" content=\"@editionscle\" \/>\n<meta name=\"twitter:label1\" content=\"\u00c9crit par\" \/>\n\t<meta name=\"twitter:data1\" content=\"\u00c9ditions Cl\u00e9\" \/>\n\t<meta name=\"twitter:label2\" content=\"Dur\u00e9e de lecture estim\u00e9e\" \/>\n\t<meta name=\"twitter:data2\" content=\"2 minutes\" \/>\n<script type=\"application\/ld+json\" class=\"yoast-schema-graph\">{\"@context\":\"https:\\\/\\\/schema.org\",\"@graph\":[{\"@type\":\"Article\",\"@id\":\"https:\\\/\\\/blogs.editionscle.com\\\/blogcle\\\/reco-de-lete-n3-deux-perspectives-sur-le-millenium\\\/#article\",\"isPartOf\":{\"@id\":\"https:\\\/\\\/blogs.editionscle.com\\\/blogcle\\\/reco-de-lete-n3-deux-perspectives-sur-le-millenium\\\/\"},\"author\":{\"name\":\"\u00c9ditions Cl\u00e9\",\"@id\":\"https:\\\/\\\/blogs.editionscle.com\\\/blogcle\\\/#\\\/schema\\\/person\\\/6f614e2cdd8aac468261bff8219ca7a0\"},\"headline\":\"[RECO DE L&rsquo;ETE] n\u00b03 &#8211; Deux perspectives sur le mill\u00e9nium\",\"datePublished\":\"2024-07-22T12:00:00+00:00\",\"dateModified\":\"2025-10-21T08:35:23+00:00\",\"mainEntityOfPage\":{\"@id\":\"https:\\\/\\\/blogs.editionscle.com\\\/blogcle\\\/reco-de-lete-n3-deux-perspectives-sur-le-millenium\\\/\"},\"wordCount\":186,\"commentCount\":0,\"publisher\":{\"@id\":\"https:\\\/\\\/blogs.editionscle.com\\\/blogcle\\\/#organization\"},\"image\":{\"@id\":\"https:\\\/\\\/blogs.editionscle.com\\\/blogcle\\\/reco-de-lete-n3-deux-perspectives-sur-le-millenium\\\/#primaryimage\"},\"thumbnailUrl\":\"https:\\\/\\\/blogs.editionscle.com\\\/blogcle\\\/wp-content\\\/uploads\\\/sites\\\/2\\\/2024\\\/06\\\/reco-de-lete.png\",\"inLanguage\":\"fr-FR\",\"potentialAction\":[{\"@type\":\"CommentAction\",\"name\":\"Comment\",\"target\":[\"https:\\\/\\\/blogs.editionscle.com\\\/blogcle\\\/reco-de-lete-n3-deux-perspectives-sur-le-millenium\\\/#respond\"]}]},{\"@type\":\"WebPage\",\"@id\":\"https:\\\/\\\/blogs.editionscle.com\\\/blogcle\\\/reco-de-lete-n3-deux-perspectives-sur-le-millenium\\\/\",\"url\":\"https:\\\/\\\/blogs.editionscle.com\\\/blogcle\\\/reco-de-lete-n3-deux-perspectives-sur-le-millenium\\\/\",\"name\":\"[RECO DE L'ETE] n\u00b03 - Deux perspectives sur le mill\u00e9nium - Blog des \u00c9ditions Cl\u00e9\",\"isPartOf\":{\"@id\":\"https:\\\/\\\/blogs.editionscle.com\\\/blogcle\\\/#website\"},\"primaryImageOfPage\":{\"@id\":\"https:\\\/\\\/blogs.editionscle.com\\\/blogcle\\\/reco-de-lete-n3-deux-perspectives-sur-le-millenium\\\/#primaryimage\"},\"image\":{\"@id\":\"https:\\\/\\\/blogs.editionscle.com\\\/blogcle\\\/reco-de-lete-n3-deux-perspectives-sur-le-millenium\\\/#primaryimage\"},\"thumbnailUrl\":\"https:\\\/\\\/blogs.editionscle.com\\\/blogcle\\\/wp-content\\\/uploads\\\/sites\\\/2\\\/2024\\\/06\\\/reco-de-lete.png\",\"datePublished\":\"2024-07-22T12:00:00+00:00\",\"dateModified\":\"2025-10-21T08:35:23+00:00\",\"breadcrumb\":{\"@id\":\"https:\\\/\\\/blogs.editionscle.com\\\/blogcle\\\/reco-de-lete-n3-deux-perspectives-sur-le-millenium\\\/#breadcrumb\"},\"inLanguage\":\"fr-FR\",\"potentialAction\":[{\"@type\":\"ReadAction\",\"target\":[\"https:\\\/\\\/blogs.editionscle.com\\\/blogcle\\\/reco-de-lete-n3-deux-perspectives-sur-le-millenium\\\/\"]}]},{\"@type\":\"ImageObject\",\"inLanguage\":\"fr-FR\",\"@id\":\"https:\\\/\\\/blogs.editionscle.com\\\/blogcle\\\/reco-de-lete-n3-deux-perspectives-sur-le-millenium\\\/#primaryimage\",\"url\":\"https:\\\/\\\/blogs.editionscle.com\\\/blogcle\\\/wp-content\\\/uploads\\\/sites\\\/2\\\/2024\\\/06\\\/reco-de-lete.png\",\"contentUrl\":\"https:\\\/\\\/blogs.editionscle.com\\\/blogcle\\\/wp-content\\\/uploads\\\/sites\\\/2\\\/2024\\\/06\\\/reco-de-lete.png\",\"width\":1080,\"height\":1080},{\"@type\":\"BreadcrumbList\",\"@id\":\"https:\\\/\\\/blogs.editionscle.com\\\/blogcle\\\/reco-de-lete-n3-deux-perspectives-sur-le-millenium\\\/#breadcrumb\",\"itemListElement\":[{\"@type\":\"ListItem\",\"position\":1,\"name\":\"Accueil\",\"item\":\"https:\\\/\\\/blogs.editionscle.com\\\/blogcle\\\/\"},{\"@type\":\"ListItem\",\"position\":2,\"name\":\"[RECO DE L&rsquo;ETE] n\u00b03 &#8211; Deux perspectives sur le mill\u00e9nium\"}]},{\"@type\":\"WebSite\",\"@id\":\"https:\\\/\\\/blogs.editionscle.com\\\/blogcle\\\/#website\",\"url\":\"https:\\\/\\\/blogs.editionscle.com\\\/blogcle\\\/\",\"name\":\"Blog des \u00c9ditions Cl\u00e9\",\"description\":\"Livres et logiciels pour comprendre la Bible\",\"publisher\":{\"@id\":\"https:\\\/\\\/blogs.editionscle.com\\\/blogcle\\\/#organization\"},\"potentialAction\":[{\"@type\":\"SearchAction\",\"target\":{\"@type\":\"EntryPoint\",\"urlTemplate\":\"https:\\\/\\\/blogs.editionscle.com\\\/blogcle\\\/?s={search_term_string}\"},\"query-input\":{\"@type\":\"PropertyValueSpecification\",\"valueRequired\":true,\"valueName\":\"search_term_string\"}}],\"inLanguage\":\"fr-FR\"},{\"@type\":\"Organization\",\"@id\":\"https:\\\/\\\/blogs.editionscle.com\\\/blogcle\\\/#organization\",\"name\":\"Editions Cl\u00e9\",\"url\":\"https:\\\/\\\/blogs.editionscle.com\\\/blogcle\\\/\",\"logo\":{\"@type\":\"ImageObject\",\"inLanguage\":\"fr-FR\",\"@id\":\"https:\\\/\\\/blogs.editionscle.com\\\/blogcle\\\/#\\\/schema\\\/logo\\\/image\\\/\",\"url\":\"https:\\\/\\\/blogs.editionscle.com\\\/blogcle\\\/wp-content\\\/uploads\\\/sites\\\/2\\\/2018\\\/03\\\/Profil_facebookcle.png\",\"contentUrl\":\"https:\\\/\\\/blogs.editionscle.com\\\/blogcle\\\/wp-content\\\/uploads\\\/sites\\\/2\\\/2018\\\/03\\\/Profil_facebookcle.png\",\"width\":375,\"height\":375,\"caption\":\"Editions Cl\u00e9\"},\"image\":{\"@id\":\"https:\\\/\\\/blogs.editionscle.com\\\/blogcle\\\/#\\\/schema\\\/logo\\\/image\\\/\"},\"sameAs\":[\"https:\\\/\\\/www.facebook.com\\\/editionscle\",\"https:\\\/\\\/x.com\\\/editionscle\",\"https:\\\/\\\/www.youtube.com\\\/user\\\/EditionsCle\"]},{\"@type\":\"Person\",\"@id\":\"https:\\\/\\\/blogs.editionscle.com\\\/blogcle\\\/#\\\/schema\\\/person\\\/6f614e2cdd8aac468261bff8219ca7a0\",\"name\":\"\u00c9ditions Cl\u00e9\",\"description\":\"\u00c9ditions Cl\u00e9\",\"sameAs\":[\"https:\\\/\\\/editionscle.com\"]}]}<\/script>\n<!-- \/ Yoast SEO plugin. -->","yoast_head_json":{"title":"[RECO DE L'ETE] n\u00b03 - Deux perspectives sur le mill\u00e9nium - Blog des \u00c9ditions Cl\u00e9","robots":{"index":"index","follow":"follow","max-snippet":"max-snippet:-1","max-image-preview":"max-image-preview:large","max-video-preview":"max-video-preview:-1"},"canonical":"https:\/\/blogs.editionscle.com\/blogcle\/reco-de-lete-n3-deux-perspectives-sur-le-millenium\/","og_locale":"fr_FR","og_type":"article","og_title":"[RECO DE L'ETE] n\u00b03 - Deux perspectives sur le mill\u00e9nium - Blog des \u00c9ditions Cl\u00e9","og_description":"Cette semaine, je vous propose un peu de r\u00e9flexions \u00e0 ajouter \u00e0 vos lectures estivales avec Deux perspectives sur le mill\u00e9nium. La fin des temps est un sujet controvers\u00e9 dans le monde \u00e9vang\u00e9lique, avec deux positions principales : l&rsquo;amill\u00e9narisme et le pr\u00e9mill\u00e9narisme. Pascal Denault et Florent Varak pr\u00e9sentent les deux perspectives et offrent un d\u00e9bat [&hellip;]","og_url":"https:\/\/blogs.editionscle.com\/blogcle\/reco-de-lete-n3-deux-perspectives-sur-le-millenium\/","og_site_name":"Blog des \u00c9ditions Cl\u00e9","article_publisher":"https:\/\/www.facebook.com\/editionscle","article_published_time":"2024-07-22T12:00:00+00:00","article_modified_time":"2025-10-21T08:35:23+00:00","og_image":[{"width":1080,"height":1080,"url":"https:\/\/blogs.editionscle.com\/blogcle\/wp-content\/uploads\/sites\/2\/2024\/06\/reco-de-lete.png","type":"image\/png"}],"author":"\u00c9ditions Cl\u00e9","twitter_card":"summary_large_image","twitter_creator":"@editionscle","twitter_site":"@editionscle","twitter_misc":{"\u00c9crit par":"\u00c9ditions Cl\u00e9","Dur\u00e9e de lecture estim\u00e9e":"2 minutes"},"schema":{"@context":"https:\/\/schema.org","@graph":[{"@type":"Article","@id":"https:\/\/blogs.editionscle.com\/blogcle\/reco-de-lete-n3-deux-perspectives-sur-le-millenium\/#article","isPartOf":{"@id":"https:\/\/blogs.editionscle.com\/blogcle\/reco-de-lete-n3-deux-perspectives-sur-le-millenium\/"},"author":{"name":"\u00c9ditions Cl\u00e9","@id":"https:\/\/blogs.editionscle.com\/blogcle\/#\/schema\/person\/6f614e2cdd8aac468261bff8219ca7a0"},"headline":"[RECO DE L&rsquo;ETE] n\u00b03 &#8211; Deux perspectives sur le mill\u00e9nium","datePublished":"2024-07-22T12:00:00+00:00","dateModified":"2025-10-21T08:35:23+00:00","mainEntityOfPage":{"@id":"https:\/\/blogs.editionscle.com\/blogcle\/reco-de-lete-n3-deux-perspectives-sur-le-millenium\/"},"wordCount":186,"commentCount":0,"publisher":{"@id":"https:\/\/blogs.editionscle.com\/blogcle\/#organization"},"image":{"@id":"https:\/\/blogs.editionscle.com\/blogcle\/reco-de-lete-n3-deux-perspectives-sur-le-millenium\/#primaryimage"},"thumbnailUrl":"https:\/\/blogs.editionscle.com\/blogcle\/wp-content\/uploads\/sites\/2\/2024\/06\/reco-de-lete.png","inLanguage":"fr-FR","potentialAction":[{"@type":"CommentAction","name":"Comment","target":["https:\/\/blogs.editionscle.com\/blogcle\/reco-de-lete-n3-deux-perspectives-sur-le-millenium\/#respond"]}]},{"@type":"WebPage","@id":"https:\/\/blogs.editionscle.com\/blogcle\/reco-de-lete-n3-deux-perspectives-sur-le-millenium\/","url":"https:\/\/blogs.editionscle.com\/blogcle\/reco-de-lete-n3-deux-perspectives-sur-le-millenium\/","name":"[RECO DE L'ETE] n\u00b03 - Deux perspectives sur le mill\u00e9nium - Blog des \u00c9ditions Cl\u00e9","isPartOf":{"@id":"https:\/\/blogs.editionscle.com\/blogcle\/#website"},"primaryImageOfPage":{"@id":"https:\/\/blogs.editionscle.com\/blogcle\/reco-de-lete-n3-deux-perspectives-sur-le-millenium\/#primaryimage"},"image":{"@id":"https:\/\/blogs.editionscle.com\/blogcle\/reco-de-lete-n3-deux-perspectives-sur-le-millenium\/#primaryimage"},"thumbnailUrl":"https:\/\/blogs.editionscle.com\/blogcle\/wp-content\/uploads\/sites\/2\/2024\/06\/reco-de-lete.png","datePublished":"2024-07-22T12:00:00+00:00","dateModified":"2025-10-21T08:35:23+00:00","breadcrumb":{"@id":"https:\/\/blogs.editionscle.com\/blogcle\/reco-de-lete-n3-deux-perspectives-sur-le-millenium\/#breadcrumb"},"inLanguage":"fr-FR","potentialAction":[{"@type":"ReadAction","target":["https:\/\/blogs.editionscle.com\/blogcle\/reco-de-lete-n3-deux-perspectives-sur-le-millenium\/"]}]},{"@type":"ImageObject","inLanguage":"fr-FR","@id":"https:\/\/blogs.editionscle.com\/blogcle\/reco-de-lete-n3-deux-perspectives-sur-le-millenium\/#primaryimage","url":"https:\/\/blogs.editionscle.com\/blogcle\/wp-content\/uploads\/sites\/2\/2024\/06\/reco-de-lete.png","contentUrl":"https:\/\/blogs.editionscle.com\/blogcle\/wp-content\/uploads\/sites\/2\/2024\/06\/reco-de-lete.png","width":1080,"height":1080},{"@type":"BreadcrumbList","@id":"https:\/\/blogs.editionscle.com\/blogcle\/reco-de-lete-n3-deux-perspectives-sur-le-millenium\/#breadcrumb","itemListElement":[{"@type":"ListItem","position":1,"name":"Accueil","item":"https:\/\/blogs.editionscle.com\/blogcle\/"},{"@type":"ListItem","position":2,"name":"[RECO DE L&rsquo;ETE] n\u00b03 &#8211; Deux perspectives sur le mill\u00e9nium"}]},{"@type":"WebSite","@id":"https:\/\/blogs.editionscle.com\/blogcle\/#website","url":"https:\/\/blogs.editionscle.com\/blogcle\/","name":"Blog des \u00c9ditions Cl\u00e9","description":"Livres et logiciels pour comprendre la Bible","publisher":{"@id":"https:\/\/blogs.editionscle.com\/blogcle\/#organization"},"potentialAction":[{"@type":"SearchAction","target":{"@type":"EntryPoint","urlTemplate":"https:\/\/blogs.editionscle.com\/blogcle\/?s={search_term_string}"},"query-input":{"@type":"PropertyValueSpecification","valueRequired":true,"valueName":"search_term_string"}}],"inLanguage":"fr-FR"},{"@type":"Organization","@id":"https:\/\/blogs.editionscle.com\/blogcle\/#organization","name":"Editions Cl\u00e9","url":"https:\/\/blogs.editionscle.com\/blogcle\/","logo":{"@type":"ImageObject","inLanguage":"fr-FR","@id":"https:\/\/blogs.editionscle.com\/blogcle\/#\/schema\/logo\/image\/","url":"https:\/\/blogs.editionscle.com\/blogcle\/wp-content\/uploads\/sites\/2\/2018\/03\/Profil_facebookcle.png","contentUrl":"https:\/\/blogs.editionscle.com\/blogcle\/wp-content\/uploads\/sites\/2\/2018\/03\/Profil_facebookcle.png","width":375,"height":375,"caption":"Editions Cl\u00e9"},"image":{"@id":"https:\/\/blogs.editionscle.com\/blogcle\/#\/schema\/logo\/image\/"},"sameAs":["https:\/\/www.facebook.com\/editionscle","https:\/\/x.com\/editionscle","https:\/\/www.youtube.com\/user\/EditionsCle"]},{"@type":"Person","@id":"https:\/\/blogs.editionscle.com\/blogcle\/#\/schema\/person\/6f614e2cdd8aac468261bff8219ca7a0","name":"\u00c9ditions Cl\u00e9","description":"\u00c9ditions Cl\u00e9","sameAs":["https:\/\/editionscle.com"]}]}},"_links":{"self":[{"href":"https:\/\/blogs.editionscle.com\/blogcle\/wp-json\/wp\/v2\/posts\/3249","targetHints":{"allow":["GET"]}}],"collection":[{"href":"https:\/\/blogs.editionscle.com\/blogcle\/wp-json\/wp\/v2\/posts"}],"about":[{"href":"https:\/\/blogs.editionscle.com\/blogcle\/wp-json\/wp\/v2\/types\/post"}],"author":[{"embeddable":true,"href":"https:\/\/blogs.editionscle.com\/blogcle\/wp-json\/wp\/v2\/users\/1"}],"replies":[{"embeddable":true,"href":"https:\/\/blogs.editionscle.com\/blogcle\/wp-json\/wp\/v2\/comments?post=3249"}],"version-history":[{"count":1,"href":"https:\/\/blogs.editionscle.com\/blogcle\/wp-json\/wp\/v2\/posts\/3249\/revisions"}],"predecessor-version":[{"id":3253,"href":"https:\/\/blogs.editionscle.com\/blogcle\/wp-json\/wp\/v2\/posts\/3249\/revisions\/3253"}],"wp:featuredmedia":[{"embeddable":true,"href":"https:\/\/blogs.editionscle.com\/blogcle\/wp-json\/wp\/v2\/media\/3242"}],"wp:attachment":[{"href":"https:\/\/blogs.editionscle.com\/blogcle\/wp-json\/wp\/v2\/media?parent=3249"}],"wp:term":[{"taxonomy":"category","embeddable":true,"href":"https:\/\/blogs.editionscle.com\/blogcle\/wp-json\/wp\/v2\/categories?post=3249"},{"taxonomy":"post_tag","embeddable":true,"href":"https:\/\/blogs.editionscle.com\/blogcle\/wp-json\/wp\/v2\/tags?post=3249"}],"curies":[{"name":"wp","href":"https:\/\/api.w.org\/{rel}","templated":true}]}}